{"id":105124,"date":"2022-03-17T19:04:57","date_gmt":"2022-03-17T22:04:57","guid":{"rendered":"https:\/\/eldiariodesanpedro.com.ar\/sitio\/?p=105124"},"modified":"2022-03-17T19:04:58","modified_gmt":"2022-03-17T22:04:58","slug":"comienza-la-temporada-de-teatro-en-el-siripo-con-la-obra-sensatas-y-sensibles","status":"publish","type":"post","link":"https:\/\/eldiariodesanpedro.com.ar\/sitio\/comienza-la-temporada-de-teatro-en-el-siripo-con-la-obra-sensatas-y-sensibles\/","title":{"rendered":"Comienza la temporada de teatro en el Siripo con la obra \u201cSensatas y Sensibles\u201d"},"content":{"rendered":"<!-- VideographyWP Plugin Message: Automatic video embedding prevented by plugin options. -->\n\n<p>Esta ma\u00f1ana la secretaria de Turismo y Cultura Marcela Cu\u00f1er oficializ\u00f3 mediante una conferencia de prensa el inicio de la temporada teatral en el Teatro Municipal Siripo ubicado en la intersecci\u00f3n de las calles Oliveira Cesar y Salta junto al elenco de la obra \u201cSensatas y Sensibles\u201d dirigida por Daniel Corti que ya cuenta con sala completa para su estreno del s\u00e1bado 19 de marzo a las 21 hs. por lo que se agreg\u00f3 una nueva funci\u00f3n para el domingo.<\/p>\n\n\n\n<p>Las consultas para disponibilidad de entradas se pueden realizar por las redes sociales de la obra y de lunes a viernes de 8 a 12 en el propio espacio municipal a cargo de la Secretar\u00eda de Turismo y Cultura que podr\u00e1 ser utilizado para realizar funciones por todas las personas que realizan obras de teatro con el objetivo de que sea disfrutado por sampedrinos y turistas.<\/p>\n\n\n\n<figure class=\"wp-block-image size-full\"><img decoding=\"async\" width=\"840\" height=\"630\" data-attachment-id=\"105126\" data-permalink=\"https:\/\/eldiariodesanpedro.com.ar\/sitio\/comienza-la-temporada-de-teatro-en-el-siripo-con-la-obra-sensatas-y-sensibles\/whatsapp-image-2022-03-17-at-3-13-03-pm\/\" data-orig-file=\"https:\/\/eldiariodesanpedro.com.ar\/sitio\/wp-content\/uploads\/2022\/03\/WhatsApp-Image-2022-03-17-at-3.13.03-PM.jpeg\" data-orig-size=\"840,630\" data-comments-opened=\"0\" data-image-meta=\"{&quot;aperture&quot;:&quot;0&quot;,&quot;credit&quot;:&quot;&quot;,&quot;camera&quot;:&quot;&quot;,&quot;caption&quot;:&quot;&quot;,&quot;created_timestamp&quot;:&quot;0&quot;,&quot;copyright&quot;:&quot;&quot;,&quot;focal_length&quot;:&quot;0&quot;,&quot;iso&quot;:&quot;0&quot;,&quot;shutter_speed&quot;:&quot;0&quot;,&quot;title&quot;:&quot;&quot;,&quot;orientation&quot;:&quot;0&quot;}\" data-image-title=\"WhatsApp Image 2022-03-17 at 3.13.03 PM\" data-image-description=\"\" data-image-caption=\"\" data-large-file=\"https:\/\/eldiariodesanpedro.com.ar\/sitio\/wp-content\/uploads\/2022\/03\/WhatsApp-Image-2022-03-17-at-3.13.03-PM.jpeg\" data-src=\"https:\/\/eldiariodesanpedro.com.ar\/sitio\/wp-content\/uploads\/2022\/03\/WhatsApp-Image-2022-03-17-at-3.13.03-PM.jpeg\" alt=\"\" class=\"wp-image-105126 lazyload\" data-srcset=\"https:\/\/eldiariodesanpedro.com.ar\/sitio\/wp-content\/uploads\/2022\/03\/WhatsApp-Image-2022-03-17-at-3.13.03-PM.jpeg 840w, https:\/\/eldiariodesanpedro.com.ar\/sitio\/wp-content\/uploads\/2022\/03\/WhatsApp-Image-2022-03-17-at-3.13.03-PM-300x225.jpeg 300w, https:\/\/eldiariodesanpedro.com.ar\/sitio\/wp-content\/uploads\/2022\/03\/WhatsApp-Image-2022-03-17-at-3.13.03-PM-768x576.jpeg 768w\" data-sizes=\"(max-width: 840px) 100vw, 840px\" src=\"data:image\/svg+xml;base64,PHN2ZyB3aWR0aD0iMSIgaGVpZ2h0PSIxIiB4bWxucz0iaHR0cDovL3d3dy53My5vcmcvMjAwMC9zdmciPjwvc3ZnPg==\" style=\"--smush-placeholder-width: 840px; --smush-placeholder-aspect-ratio: 840\/630;\" \/><\/figure>\n","protected":false},"excerpt":{"rendered":"<p>Esta ma\u00f1ana la secretaria de Turismo y Cultura Marcela Cu\u00f1er oficializ\u00f3 mediante una conferencia de prensa el inicio de la temporada teatral en el Teatro Municipal Siripo ubicado en la intersecci\u00f3n de las calles Oliveira Cesar y Salta junto al elenco de la obra \u201cSensatas y Sensibles\u201d dirigida por Daniel Corti que ya cuenta con [&hellip;]<\/p>\n","protected":false},"author":4,"featured_media":105125,"comment_status":"closed","ping_status":"closed","sticky":false,"template":"","format":"standard","meta":{"om_disable_all_campaigns":false,"_jetpack_memberships_contains_paid_content":false,"footnotes":""},"categories":[50,101,2],"tags":[197,696,33,19],"class_list":["post-105124","post","type-post","status-publish","format-standard","has-post-thumbnail","hentry","category-destacadas","category-interes-general-locales","category-locales","tag-buenos-aires","tag-interes-general","tag-locales","tag-san-pedro"],"aioseo_notices":[],"gutentor_comment":0,"jetpack_featured_media_url":"https:\/\/eldiariodesanpedro.com.ar\/sitio\/wp-content\/uploads\/2022\/03\/WhatsApp-Image-2022-03-17-at-3.13.02-PM.jpeg","jetpack_shortlink":"https:\/\/wp.me\/p6RhLt-rly","jetpack_sharing_enabled":true,"_links":{"self":[{"href":"https:\/\/eldiariodesanpedro.com.ar\/sitio\/wp-json\/wp\/v2\/posts\/105124","targetHints":{"allow":["GET"]}}],"collection":[{"href":"https:\/\/eldiariodesanpedro.com.ar\/sitio\/wp-json\/wp\/v2\/posts"}],"about":[{"href":"https:\/\/eldiariodesanpedro.com.ar\/sitio\/wp-json\/wp\/v2\/types\/post"}],"author":[{"embeddable":true,"href":"https:\/\/eldiariodesanpedro.com.ar\/sitio\/wp-json\/wp\/v2\/users\/4"}],"replies":[{"embeddable":true,"href":"https:\/\/eldiariodesanpedro.com.ar\/sitio\/wp-json\/wp\/v2\/comments?post=105124"}],"version-history":[{"count":1,"href":"https:\/\/eldiariodesanpedro.com.ar\/sitio\/wp-json\/wp\/v2\/posts\/105124\/revisions"}],"predecessor-version":[{"id":105127,"href":"https:\/\/eldiariodesanpedro.com.ar\/sitio\/wp-json\/wp\/v2\/posts\/105124\/revisions\/105127"}],"wp:featuredmedia":[{"embeddable":true,"href":"https:\/\/eldiariodesanpedro.com.ar\/sitio\/wp-json\/wp\/v2\/media\/105125"}],"wp:attachment":[{"href":"https:\/\/eldiariodesanpedro.com.ar\/sitio\/wp-json\/wp\/v2\/media?parent=105124"}],"wp:term":[{"taxonomy":"category","embeddable":true,"href":"https:\/\/eldiariodesanpedro.com.ar\/sitio\/wp-json\/wp\/v2\/categories?post=105124"},{"taxonomy":"post_tag","embeddable":true,"href":"https:\/\/eldiariodesanpedro.com.ar\/sitio\/wp-json\/wp\/v2\/tags?post=105124"}],"curies":[{"name":"wp","href":"https:\/\/api.w.org\/{rel}","templated":true}]}}