{"id":105118,"date":"2022-03-17T14:21:50","date_gmt":"2022-03-17T17:21:50","guid":{"rendered":"https:\/\/eldiariodesanpedro.com.ar\/sitio\/?p=105118"},"modified":"2022-03-17T14:21:50","modified_gmt":"2022-03-17T17:21:50","slug":"se-presentaron-tres-propuestas-para-la-obra-de-recuperacion-del-muelle-del-puerto-de-san-pedro","status":"publish","type":"post","link":"https:\/\/eldiariodesanpedro.com.ar\/sitio\/se-presentaron-tres-propuestas-para-la-obra-de-recuperacion-del-muelle-del-puerto-de-san-pedro\/","title":{"rendered":"Se presentaron tres propuestas para la obra de recuperaci\u00f3n del muelle del Puerto de San Pedro"},"content":{"rendered":"<!-- VideographyWP Plugin Message: Automatic video embedding prevented by plugin options. -->\n\n<p>El Consorcio de Gesti\u00f3n del Puerto de San Pedro cumpli\u00f3 hoy con la apertura de sobres de licitaci\u00f3n p\u00fablica correspondiente al expediente N\u00ba 80\/2021 para la obra de \u201cRecuperaci\u00f3n de la capacidad operativa del muelle cabecera del Espig\u00f3n N\u00b0 1\u201d.<br><br>El acto cont\u00f3 con la presencia del Subsecretario de Puertos Juan Cruz Lucero, el Intendente Dr. Ram\u00f3n Salazar, el Presidente del Consorcio Eliseo Almada, directores del organismo, funcionarios, representantes de las empresas oferentes y el Ingeniero Jos\u00e9 Landa, autor del proyecto.<br><br>Antes de la apertura de las carpetas presentadas, el Presidente del Consorcio agradeci\u00f3 a todos los que han participado y colaborado en el proceso, especialmente la articulaci\u00f3n con la Municipalidad y los gobiernos de Provincia y Naci\u00f3n.<br><br>Lucero remarc\u00f3 la importancia de haber llegado a esta fecha y la expectativa que genera esta obra estrat\u00e9gica para la proyecci\u00f3n de la actividad portuaria, cumpliendo el compromiso expresado tanto desde el Ministerio de \u00a0Producci\u00f3n y del Gobierno de la Provincia como del Ministerio de Transporte y el Gobierno de la Naci\u00f3n.<br><br>El Dr. Salazar tambi\u00e9n agradeci\u00f3 y reconoci\u00f3 el trabajo de todos, recordando que sin una obra como \u00e9sta, las posibilidades de crecimiento del Puerto ser\u00edan m\u00ednimas y que el trabajo conjunto ha sido fundamental.<br><br>La Contadora Mar\u00eda Jos\u00e9 Pucurull, el Ingeniero Dante Ambrogi y el Dr. Walter Mart\u00edn como integrantes de la Comisi\u00f3n de Preadjudicaci\u00f3n abrieron formalmente las tres propuestas presentadas y revisaron el cumplimiento de las pautas establecidas en la licitaci\u00f3n.<br><br>Las propuestas recibidas corresponden a\u00a0<strong>\u00abEmpresa Dragados y Obras Portuarias SA\u00bb, \u00abCONCRET-NOR S.A.\u00bb y Juan M. Lavigne y Cia. S.A.<\/strong><br><br>Las carpetas t\u00e9cnicas y los presupuestos de las tres empresas ser\u00e1n analizados para la elaboraci\u00f3n de un dictamen que luego cumplir\u00e1 con los pasos administrativos que permitir\u00e1n la adjudicaci\u00f3n y el posterior inicio de la obra.<\/p>\n\n\n\n<figure class=\"wp-block-image size-large\"><img decoding=\"async\" width=\"1024\" height=\"576\" data-attachment-id=\"105120\" data-permalink=\"https:\/\/eldiariodesanpedro.com.ar\/sitio\/se-presentaron-tres-propuestas-para-la-obra-de-recuperacion-del-muelle-del-puerto-de-san-pedro\/licitacion-muelle-puerto-17032022-4\/\" data-orig-file=\"https:\/\/eldiariodesanpedro.com.ar\/sitio\/wp-content\/uploads\/2022\/03\/licitacion-muelle-puerto-17032022-4.jpeg\" data-orig-size=\"1120,630\" data-comments-opened=\"0\" data-image-meta=\"{&quot;aperture&quot;:&quot;0&quot;,&quot;credit&quot;:&quot;&quot;,&quot;camera&quot;:&quot;&quot;,&quot;caption&quot;:&quot;&quot;,&quot;created_timestamp&quot;:&quot;0&quot;,&quot;copyright&quot;:&quot;&quot;,&quot;focal_length&quot;:&quot;0&quot;,&quot;iso&quot;:&quot;0&quot;,&quot;shutter_speed&quot;:&quot;0&quot;,&quot;title&quot;:&quot;&quot;,&quot;orientation&quot;:&quot;0&quot;}\" data-image-title=\"licitacion muelle puerto 17032022 (4)\" data-image-description=\"\" data-image-caption=\"\" data-large-file=\"https:\/\/eldiariodesanpedro.com.ar\/sitio\/wp-content\/uploads\/2022\/03\/licitacion-muelle-puerto-17032022-4-1024x576.jpeg\" data-src=\"https:\/\/eldiariodesanpedro.com.ar\/sitio\/wp-content\/uploads\/2022\/03\/licitacion-muelle-puerto-17032022-4-1024x576.jpeg\" alt=\"\" class=\"wp-image-105120 lazyload\" data-srcset=\"https:\/\/eldiariodesanpedro.com.ar\/sitio\/wp-content\/uploads\/2022\/03\/licitacion-muelle-puerto-17032022-4-1024x576.jpeg 1024w, https:\/\/eldiariodesanpedro.com.ar\/sitio\/wp-content\/uploads\/2022\/03\/licitacion-muelle-puerto-17032022-4-300x169.jpeg 300w, https:\/\/eldiariodesanpedro.com.ar\/sitio\/wp-content\/uploads\/2022\/03\/licitacion-muelle-puerto-17032022-4-768x432.jpeg 768w, https:\/\/eldiariodesanpedro.com.ar\/sitio\/wp-content\/uploads\/2022\/03\/licitacion-muelle-puerto-17032022-4.jpeg 1120w\" data-sizes=\"(max-width: 1024px) 100vw, 1024px\" src=\"data:image\/svg+xml;base64,PHN2ZyB3aWR0aD0iMSIgaGVpZ2h0PSIxIiB4bWxucz0iaHR0cDovL3d3dy53My5vcmcvMjAwMC9zdmciPjwvc3ZnPg==\" style=\"--smush-placeholder-width: 1024px; --smush-placeholder-aspect-ratio: 1024\/576;\" \/><\/figure>\n\n\n\n<figure class=\"wp-block-image size-large\"><img decoding=\"async\" width=\"1024\" height=\"576\" data-attachment-id=\"105121\" data-permalink=\"https:\/\/eldiariodesanpedro.com.ar\/sitio\/se-presentaron-tres-propuestas-para-la-obra-de-recuperacion-del-muelle-del-puerto-de-san-pedro\/licitacion-muelle-puerto-17032022-5\/\" data-orig-file=\"https:\/\/eldiariodesanpedro.com.ar\/sitio\/wp-content\/uploads\/2022\/03\/licitacion-muelle-puerto-17032022-5.jpeg\" data-orig-size=\"1120,630\" data-comments-opened=\"0\" data-image-meta=\"{&quot;aperture&quot;:&quot;0&quot;,&quot;credit&quot;:&quot;&quot;,&quot;camera&quot;:&quot;&quot;,&quot;caption&quot;:&quot;&quot;,&quot;created_timestamp&quot;:&quot;0&quot;,&quot;copyright&quot;:&quot;&quot;,&quot;focal_length&quot;:&quot;0&quot;,&quot;iso&quot;:&quot;0&quot;,&quot;shutter_speed&quot;:&quot;0&quot;,&quot;title&quot;:&quot;&quot;,&quot;orientation&quot;:&quot;0&quot;}\" data-image-title=\"licitacion muelle puerto 17032022 (5)\" data-image-description=\"\" data-image-caption=\"\" data-large-file=\"https:\/\/eldiariodesanpedro.com.ar\/sitio\/wp-content\/uploads\/2022\/03\/licitacion-muelle-puerto-17032022-5-1024x576.jpeg\" data-src=\"https:\/\/eldiariodesanpedro.com.ar\/sitio\/wp-content\/uploads\/2022\/03\/licitacion-muelle-puerto-17032022-5-1024x576.jpeg\" alt=\"\" class=\"wp-image-105121 lazyload\" data-srcset=\"https:\/\/eldiariodesanpedro.com.ar\/sitio\/wp-content\/uploads\/2022\/03\/licitacion-muelle-puerto-17032022-5-1024x576.jpeg 1024w, https:\/\/eldiariodesanpedro.com.ar\/sitio\/wp-content\/uploads\/2022\/03\/licitacion-muelle-puerto-17032022-5-300x169.jpeg 300w, https:\/\/eldiariodesanpedro.com.ar\/sitio\/wp-content\/uploads\/2022\/03\/licitacion-muelle-puerto-17032022-5-768x432.jpeg 768w, https:\/\/eldiariodesanpedro.com.ar\/sitio\/wp-content\/uploads\/2022\/03\/licitacion-muelle-puerto-17032022-5.jpeg 1120w\" data-sizes=\"(max-width: 1024px) 100vw, 1024px\" src=\"data:image\/svg+xml;base64,PHN2ZyB3aWR0aD0iMSIgaGVpZ2h0PSIxIiB4bWxucz0iaHR0cDovL3d3dy53My5vcmcvMjAwMC9zdmciPjwvc3ZnPg==\" style=\"--smush-placeholder-width: 1024px; --smush-placeholder-aspect-ratio: 1024\/576;\" \/><\/figure>\n\n\n\n<figure class=\"wp-block-image size-large\"><img decoding=\"async\" width=\"1024\" height=\"576\" data-attachment-id=\"105122\" data-permalink=\"https:\/\/eldiariodesanpedro.com.ar\/sitio\/se-presentaron-tres-propuestas-para-la-obra-de-recuperacion-del-muelle-del-puerto-de-san-pedro\/licitacion-muelle-puerto-17032022-8\/\" data-orig-file=\"https:\/\/eldiariodesanpedro.com.ar\/sitio\/wp-content\/uploads\/2022\/03\/licitacion-muelle-puerto-17032022-8.jpeg\" data-orig-size=\"1120,630\" data-comments-opened=\"0\" data-image-meta=\"{&quot;aperture&quot;:&quot;0&quot;,&quot;credit&quot;:&quot;&quot;,&quot;camera&quot;:&quot;&quot;,&quot;caption&quot;:&quot;&quot;,&quot;created_timestamp&quot;:&quot;0&quot;,&quot;copyright&quot;:&quot;&quot;,&quot;focal_length&quot;:&quot;0&quot;,&quot;iso&quot;:&quot;0&quot;,&quot;shutter_speed&quot;:&quot;0&quot;,&quot;title&quot;:&quot;&quot;,&quot;orientation&quot;:&quot;0&quot;}\" data-image-title=\"licitacion muelle puerto 17032022 (8)\" data-image-description=\"\" data-image-caption=\"\" data-large-file=\"https:\/\/eldiariodesanpedro.com.ar\/sitio\/wp-content\/uploads\/2022\/03\/licitacion-muelle-puerto-17032022-8-1024x576.jpeg\" data-src=\"https:\/\/eldiariodesanpedro.com.ar\/sitio\/wp-content\/uploads\/2022\/03\/licitacion-muelle-puerto-17032022-8-1024x576.jpeg\" alt=\"\" class=\"wp-image-105122 lazyload\" data-srcset=\"https:\/\/eldiariodesanpedro.com.ar\/sitio\/wp-content\/uploads\/2022\/03\/licitacion-muelle-puerto-17032022-8-1024x576.jpeg 1024w, https:\/\/eldiariodesanpedro.com.ar\/sitio\/wp-content\/uploads\/2022\/03\/licitacion-muelle-puerto-17032022-8-300x169.jpeg 300w, https:\/\/eldiariodesanpedro.com.ar\/sitio\/wp-content\/uploads\/2022\/03\/licitacion-muelle-puerto-17032022-8-768x432.jpeg 768w, https:\/\/eldiariodesanpedro.com.ar\/sitio\/wp-content\/uploads\/2022\/03\/licitacion-muelle-puerto-17032022-8.jpeg 1120w\" data-sizes=\"(max-width: 1024px) 100vw, 1024px\" src=\"data:image\/svg+xml;base64,PHN2ZyB3aWR0aD0iMSIgaGVpZ2h0PSIxIiB4bWxucz0iaHR0cDovL3d3dy53My5vcmcvMjAwMC9zdmciPjwvc3ZnPg==\" style=\"--smush-placeholder-width: 1024px; --smush-placeholder-aspect-ratio: 1024\/576;\" \/><\/figure>\n","protected":false},"excerpt":{"rendered":"<p>El Consorcio de Gesti\u00f3n del Puerto de San Pedro cumpli\u00f3 hoy con la apertura de sobres de licitaci\u00f3n p\u00fablica correspondiente al expediente N\u00ba 80\/2021 para la obra de \u201cRecuperaci\u00f3n de la capacidad operativa del muelle cabecera del Espig\u00f3n N\u00b0 1\u201d. El acto cont\u00f3 con la presencia del Subsecretario de Puertos Juan Cruz Lucero, el Intendente [&hellip;]<\/p>\n","protected":false},"author":4,"featured_media":105119,"comment_status":"closed","ping_status":"closed","sticky":false,"template":"","format":"standard","meta":{"om_disable_all_campaigns":false,"_jetpack_memberships_contains_paid_content":false,"footnotes":""},"categories":[50,101,2],"tags":[197,696,33,19,2779],"class_list":["post-105118","post","type-post","status-publish","format-standard","has-post-thumbnail","hentry","category-destacadas","category-interes-general-locales","category-locales","tag-buenos-aires","tag-interes-general","tag-locales","tag-san-pedro","tag-se-presentaron-tres-propuestas-para-la-obra-de-recuperacion-del-muelle-del-puerto-de-san-pedro"],"aioseo_notices":[],"gutentor_comment":0,"jetpack_featured_media_url":"https:\/\/eldiariodesanpedro.com.ar\/sitio\/wp-content\/uploads\/2022\/03\/licitacion-muelle-puerto-17032022-1.jpeg","jetpack_shortlink":"https:\/\/wp.me\/p6RhLt-rls","jetpack_sharing_enabled":true,"_links":{"self":[{"href":"https:\/\/eldiariodesanpedro.com.ar\/sitio\/wp-json\/wp\/v2\/posts\/105118","targetHints":{"allow":["GET"]}}],"collection":[{"href":"https:\/\/eldiariodesanpedro.com.ar\/sitio\/wp-json\/wp\/v2\/posts"}],"about":[{"href":"https:\/\/eldiariodesanpedro.com.ar\/sitio\/wp-json\/wp\/v2\/types\/post"}],"author":[{"embeddable":true,"href":"https:\/\/eldiariodesanpedro.com.ar\/sitio\/wp-json\/wp\/v2\/users\/4"}],"replies":[{"embeddable":true,"href":"https:\/\/eldiariodesanpedro.com.ar\/sitio\/wp-json\/wp\/v2\/comments?post=105118"}],"version-history":[{"count":1,"href":"https:\/\/eldiariodesanpedro.com.ar\/sitio\/wp-json\/wp\/v2\/posts\/105118\/revisions"}],"predecessor-version":[{"id":105123,"href":"https:\/\/eldiariodesanpedro.com.ar\/sitio\/wp-json\/wp\/v2\/posts\/105118\/revisions\/105123"}],"wp:featuredmedia":[{"embeddable":true,"href":"https:\/\/eldiariodesanpedro.com.ar\/sitio\/wp-json\/wp\/v2\/media\/105119"}],"wp:attachment":[{"href":"https:\/\/eldiariodesanpedro.com.ar\/sitio\/wp-json\/wp\/v2\/media?parent=105118"}],"wp:term":[{"taxonomy":"category","embeddable":true,"href":"https:\/\/eldiariodesanpedro.com.ar\/sitio\/wp-json\/wp\/v2\/categories?post=105118"},{"taxonomy":"post_tag","embeddable":true,"href":"https:\/\/eldiariodesanpedro.com.ar\/sitio\/wp-json\/wp\/v2\/tags?post=105118"}],"curies":[{"name":"wp","href":"https:\/\/api.w.org\/{rel}","templated":true}]}}