{"id":105112,"date":"2022-03-17T10:44:48","date_gmt":"2022-03-17T13:44:48","guid":{"rendered":"https:\/\/eldiariodesanpedro.com.ar\/sitio\/?p=105112"},"modified":"2022-03-17T10:44:49","modified_gmt":"2022-03-17T13:44:49","slug":"asamblea-general-ordinaria-de-seccional-ate-san-pedro","status":"publish","type":"post","link":"https:\/\/eldiariodesanpedro.com.ar\/sitio\/asamblea-general-ordinaria-de-seccional-ate-san-pedro\/","title":{"rendered":"Asamblea General Ordinaria de Seccional ATE San Pedro"},"content":{"rendered":"<!-- VideographyWP Plugin Message: Automatic video embedding prevented by plugin options. -->\n\n<p><strong><u>Convocatoria a Asamblea General Ordinaria de Seccional ATE San Pedro<\/u><\/strong><\/p>\n\n\n\n<p>La Comisi\u00f3n Administrativa de la Asociaci\u00f3n Trabajadores del Estado \u2013ATE- Seccional San Pedro, en cumplimiento de las normas estatutarias vigentes, y con el fin de cumplimentar el Art.9 de la reglamentaci\u00f3n del Art.48 del Cap\u00edtulo XIII \u201cde las Seccionales\u201d, concordantes con el Art.52 \u201cDe las Asambleas\u201d, convoca a Asamblea General Ordinaria. La misma se llevar\u00e1 a cabo en la sede gremial de ATE, sito en San Martin N\u00b0 190&nbsp; &nbsp;de la ciudad de San Pedro, el <strong>d\u00eda 29 de marzo de 2022, a las 18.00 horas<\/strong> donde se considerara el siguiente:<\/p>\n\n\n\n<p>Orden del d\u00eda:<\/p>\n\n\n\n<ol class=\"wp-block-list\" type=\"1\"><li>Memoria, balance e inventario general de la seccional periodo 01\/01\/2019 al 31\/12\/2019 \/&nbsp; 01 \/01\/20 al 31\/12\/20.(ambos periodos postergados por covid 19) y 01\/01\/21 al 31\/12\/21.<\/li><li>Elecci\u00f3n de los Delegados&nbsp; Congresales para participar en el Congreso Provincial Art. 49 del Cap\u00edtulo XIV \u201cde los Congresos Provinciales\u201d.-<\/li><li>Elecci\u00f3n de dos (02) asamble\u00edstas para firmar el acta.-<\/li><li>Elecci\u00f3n de delegados electorales conforme lo establecido estatutariamente.-<\/li><\/ol>\n\n\n\n<p>Se elegir\u00e1 un Delegado Congresal por cada 50 afiliados o fracci\u00f3n no menor a 26. Para tener derecho a participar de la asamblea, el compa\u00f1ero\/a debe figurar en el padr\u00f3n de afiliados, que acredite tal condici\u00f3n.-<\/p>\n\n\n\n<p>San Pedro, 17 de marzo de 2022.-<\/p>\n\n\n\n<p>GAUNA GUSTAVO <br>SECRETARIO GENERAL <br>ATE SECC. SAN PEDRO<\/p>\n","protected":false},"excerpt":{"rendered":"<p>Convocatoria a Asamblea General Ordinaria de Seccional ATE San Pedro La Comisi\u00f3n Administrativa de la Asociaci\u00f3n Trabajadores del Estado \u2013ATE- Seccional San Pedro, en cumplimiento de las normas estatutarias vigentes, y con el fin de cumplimentar el Art.9 de la reglamentaci\u00f3n del Art.48 del Cap\u00edtulo XIII \u201cde las Seccionales\u201d, concordantes con el Art.52 \u201cDe las [&hellip;]<\/p>\n","protected":false},"author":4,"featured_media":105113,"comment_status":"closed","ping_status":"closed","sticky":false,"template":"","format":"standard","meta":{"om_disable_all_campaigns":false,"_jetpack_memberships_contains_paid_content":false,"footnotes":""},"categories":[678,676],"tags":[2778,197,1121,696,1355,33,19,1122],"class_list":["post-105112","post","type-post","status-publish","format-standard","has-post-thumbnail","hentry","category-convocatorias","category-edictos","tag-asamblea-general-ordinaria-de-seccional-ate-san-pedro","tag-buenos-aires","tag-edicto","tag-interes-general","tag-judiciales","tag-locales","tag-san-pedro","tag-sucesion"],"aioseo_notices":[],"gutentor_comment":0,"jetpack_featured_media_url":"https:\/\/eldiariodesanpedro.com.ar\/sitio\/wp-content\/uploads\/2022\/03\/Ate-San-Pedro-marzo-2022.jpg","jetpack_shortlink":"https:\/\/wp.me\/p6RhLt-rlm","jetpack_sharing_enabled":true,"_links":{"self":[{"href":"https:\/\/eldiariodesanpedro.com.ar\/sitio\/wp-json\/wp\/v2\/posts\/105112","targetHints":{"allow":["GET"]}}],"collection":[{"href":"https:\/\/eldiariodesanpedro.com.ar\/sitio\/wp-json\/wp\/v2\/posts"}],"about":[{"href":"https:\/\/eldiariodesanpedro.com.ar\/sitio\/wp-json\/wp\/v2\/types\/post"}],"author":[{"embeddable":true,"href":"https:\/\/eldiariodesanpedro.com.ar\/sitio\/wp-json\/wp\/v2\/users\/4"}],"replies":[{"embeddable":true,"href":"https:\/\/eldiariodesanpedro.com.ar\/sitio\/wp-json\/wp\/v2\/comments?post=105112"}],"version-history":[{"count":1,"href":"https:\/\/eldiariodesanpedro.com.ar\/sitio\/wp-json\/wp\/v2\/posts\/105112\/revisions"}],"predecessor-version":[{"id":105114,"href":"https:\/\/eldiariodesanpedro.com.ar\/sitio\/wp-json\/wp\/v2\/posts\/105112\/revisions\/105114"}],"wp:featuredmedia":[{"embeddable":true,"href":"https:\/\/eldiariodesanpedro.com.ar\/sitio\/wp-json\/wp\/v2\/media\/105113"}],"wp:attachment":[{"href":"https:\/\/eldiariodesanpedro.com.ar\/sitio\/wp-json\/wp\/v2\/media?parent=105112"}],"wp:term":[{"taxonomy":"category","embeddable":true,"href":"https:\/\/eldiariodesanpedro.com.ar\/sitio\/wp-json\/wp\/v2\/categories?post=105112"},{"taxonomy":"post_tag","embeddable":true,"href":"https:\/\/eldiariodesanpedro.com.ar\/sitio\/wp-json\/wp\/v2\/tags?post=105112"}],"curies":[{"name":"wp","href":"https:\/\/api.w.org\/{rel}","templated":true}]}}