{"id":105110,"date":"2022-03-17T09:53:47","date_gmt":"2022-03-17T12:53:47","guid":{"rendered":"https:\/\/eldiariodesanpedro.com.ar\/sitio\/?p=105110"},"modified":"2022-03-17T09:53:48","modified_gmt":"2022-03-17T12:53:48","slug":"bono-de-6000-anunciado-por-el-gobierno-a-quienes-estara-destinado-y-como-hacer-para-cobrarlo%ef%bf%bc","status":"publish","type":"post","link":"https:\/\/eldiariodesanpedro.com.ar\/sitio\/bono-de-6000-anunciado-por-el-gobierno-a-quienes-estara-destinado-y-como-hacer-para-cobrarlo%ef%bf%bc\/","title":{"rendered":"Bono de $6000 anunciado por el gobierno: \u00bfA qui\u00e9nes estar\u00e1 destinado y c\u00f3mo hacer para cobrarlo?\ufffc"},"content":{"rendered":"<!-- VideographyWP Plugin Message: Automatic video embedding prevented by plugin options. -->\n\n<p>El titular de la cartera de Desarrollo Social, Juan Zabaleta, confirm\u00f3 que se cobrar\u00e1 en el mes de abril.<\/p>\n\n\n\n<p>En el marco de los anuncios correspondientes al programa \u00abVolv\u00e9 a la escuela\u00bb, el ministro de Desarrollo Social, Juan Zabaleta, anunci\u00f3 que los beneficiarios del plan Potenciar Trabajo cobrar\u00e1n en el mes de abril un bono de $6000.<\/p>\n\n\n\n<p>Cabe destacar que esta iniciativa gubernamental tiene como fin continuar \u00abacompa\u00f1ando a todos\u00bb, tal como lo exxpres\u00f3 Zabaleta, al presentar el beneficio. \u201cEl Presidente tom\u00f3 la decisi\u00f3n que a partir del mes de abril, en esta nueva etapa de Argentina con clases presenciales, cada beneficiario del Plan Potenciar, a partir del 5 abril, cobre un bono de 6 mil pesos\u00bb, detall\u00f3 el funcionario nacional.<\/p>\n\n\n\n<p>Con este anuncio, al salario de $16.500 se le sumar\u00e1n los seis mil pesos, quedando, para el mes de abril un cobro total de $22.500 para el cuarto mes del a\u00f1o.<\/p>\n\n\n\n<p>Con este anuncio, al salario de $16.500 se le sumar\u00e1n los seis mil pesos, quedando, para el mes de abril un cobro total de $22.500.<\/p>\n\n\n\n<p>El programa Potenciar Trabajo es una iniciativa que fusiona los planes Hacemos Futuro y Proyectos Productivos Comunitarios, con el fin de \u00abmejorar la empleabilidad y la generaci\u00f3n de nuevas propuestas productivas a trav\u00e9s de la terminalidad educativa, la formaci\u00f3n laboral y la certificaci\u00f3n de competencias con el fin de promover la inclusi\u00f3n social plena de aquellas personas que se encuentran en situaci\u00f3n de vulnerabilidad social y econ\u00f3mica\u201d, seg\u00fan lo informa ANSES en su sitio web oficial.<\/p>\n\n\n\n<p>Para poder formar parte del Potenciar Trabajo se debe ser mayor de 18 a\u00f1os, y ser trabajador de la econom\u00eda popular. Para acceder a este programa no hay una inscripci\u00f3n personal en determinado momento, sino que se trata de un sistema de altas y bajas en los planes mencionados de empleo (Hacemos futuro y Proyectos Productivos Comunitarios); mientras que, al bono anunciado por el gobierno, se accede de manera autom\u00e1tica para quienes ya son parte de este beneficio.&nbsp;<\/p>\n","protected":false},"excerpt":{"rendered":"<p>El titular de la cartera de Desarrollo Social, Juan Zabaleta, confirm\u00f3 que se cobrar\u00e1 en el mes de abril. En el marco de los anuncios correspondientes al programa \u00abVolv\u00e9 a la escuela\u00bb, el ministro de Desarrollo Social, Juan Zabaleta, anunci\u00f3 que los beneficiarios del plan Potenciar Trabajo cobrar\u00e1n en el mes de abril un bono [&hellip;]<\/p>\n","protected":false},"author":4,"featured_media":74792,"comment_status":"closed","ping_status":"closed","sticky":false,"template":"","format":"standard","meta":{"om_disable_all_campaigns":false,"_jetpack_memberships_contains_paid_content":false,"footnotes":""},"categories":[101,2],"tags":[197,696,33,19],"class_list":["post-105110","post","type-post","status-publish","format-standard","has-post-thumbnail","hentry","category-interes-general-locales","category-locales","tag-buenos-aires","tag-interes-general","tag-locales","tag-san-pedro"],"aioseo_notices":[],"gutentor_comment":0,"jetpack_featured_media_url":"https:\/\/eldiariodesanpedro.com.ar\/sitio\/wp-content\/uploads\/2020\/06\/anses-ife.jpg","jetpack_shortlink":"https:\/\/wp.me\/p6RhLt-rlk","jetpack_sharing_enabled":true,"_links":{"self":[{"href":"https:\/\/eldiariodesanpedro.com.ar\/sitio\/wp-json\/wp\/v2\/posts\/105110","targetHints":{"allow":["GET"]}}],"collection":[{"href":"https:\/\/eldiariodesanpedro.com.ar\/sitio\/wp-json\/wp\/v2\/posts"}],"about":[{"href":"https:\/\/eldiariodesanpedro.com.ar\/sitio\/wp-json\/wp\/v2\/types\/post"}],"author":[{"embeddable":true,"href":"https:\/\/eldiariodesanpedro.com.ar\/sitio\/wp-json\/wp\/v2\/users\/4"}],"replies":[{"embeddable":true,"href":"https:\/\/eldiariodesanpedro.com.ar\/sitio\/wp-json\/wp\/v2\/comments?post=105110"}],"version-history":[{"count":1,"href":"https:\/\/eldiariodesanpedro.com.ar\/sitio\/wp-json\/wp\/v2\/posts\/105110\/revisions"}],"predecessor-version":[{"id":105111,"href":"https:\/\/eldiariodesanpedro.com.ar\/sitio\/wp-json\/wp\/v2\/posts\/105110\/revisions\/105111"}],"wp:featuredmedia":[{"embeddable":true,"href":"https:\/\/eldiariodesanpedro.com.ar\/sitio\/wp-json\/wp\/v2\/media\/74792"}],"wp:attachment":[{"href":"https:\/\/eldiariodesanpedro.com.ar\/sitio\/wp-json\/wp\/v2\/media?parent=105110"}],"wp:term":[{"taxonomy":"category","embeddable":true,"href":"https:\/\/eldiariodesanpedro.com.ar\/sitio\/wp-json\/wp\/v2\/categories?post=105110"},{"taxonomy":"post_tag","embeddable":true,"href":"https:\/\/eldiariodesanpedro.com.ar\/sitio\/wp-json\/wp\/v2\/tags?post=105110"}],"curies":[{"name":"wp","href":"https:\/\/api.w.org\/{rel}","templated":true}]}}