{"id":105100,"date":"2022-03-16T18:54:47","date_gmt":"2022-03-16T21:54:47","guid":{"rendered":"https:\/\/eldiariodesanpedro.com.ar\/sitio\/?p=105100"},"modified":"2022-03-16T18:54:48","modified_gmt":"2022-03-16T21:54:48","slug":"insaurralde-y-nardini-comprometieron-mas-obras-para-san-pedro","status":"publish","type":"post","link":"https:\/\/eldiariodesanpedro.com.ar\/sitio\/insaurralde-y-nardini-comprometieron-mas-obras-para-san-pedro\/","title":{"rendered":"Insaurralde y Nardini comprometieron m\u00e1s obras para San Pedro"},"content":{"rendered":"<!-- VideographyWP Plugin Message: Automatic video embedding prevented by plugin options. -->\n\n<p>El Jefe de Gabinete de la Provincia de Buenos Aires Mart\u00edn Insaurralde y el Ministro de Infraestructura y Servicios P\u00fablicos bonaerense Leonardo Nardini visitaron San Pedro esta ma\u00f1ana para una reuni\u00f3n en el despacho del Intendente Dr. Ram\u00f3n Salazar junto a los senadores provinciales Adri\u00e1n Santarelli y Walter Torchio.<\/p>\n\n\n\n<p>El ex Intendente y miembro del directorio de Trenes Argentinos Cargas Cecilio Salazar, funcionarios del gabinete e integrantes de los equipos de los funcionarios participaron de esta recepci\u00f3n en la que se repasaron diferentes temas muy importantes para el Partido de San Pedro.<\/p>\n\n\n\n<p>Antes de iniciar una recorrida por diferentes barrios y por el inicio de la obra en la Ruta Provincial 191, el Dr. Ram\u00f3n Salazar destac\u00f3 y agradeci\u00f3 al Ministro Nardini y en su nombre al Gobernador Axel Kicillof que la esperada obra de la Ruta 191 se haya puesto en marcha y anticip\u00f3 que se pidieron muchas obras m\u00e1s para seguir mejorando la calidad de vida de todos los sampedrinos.<\/p>\n\n\n\n<p>Entre los temas charlados estuvieron, los nuevos planes de pavimentaci\u00f3n que est\u00e1n en marcha y los proyectos relacionados con el Parque Agroindustrial y el Puerto que permiten una mejor circulaci\u00f3n de la producci\u00f3n y el turismo.<\/p>\n\n\n\n<p>Nardini felicit\u00f3 al gobierno sampedrino por el trabajo iniciado por Cecilio Salazar y ahora continuado por Ram\u00f3n y destac\u00f3 la importancia que la obra p\u00fablica tiene, no s\u00f3lo en s\u00ed misma como reformas estructurales, sino tambi\u00e9n como generaci\u00f3n de mejores condiciones ambientales y puestos de trabajo directos e indirectos.<\/p>\n\n\n\n<p>En la charla con la prensa tambi\u00e9n se anticip\u00f3 que se mantiene un contacto permanente con el Ministerio de Obras P\u00fablicas de la Naci\u00f3n para avanzar en la confirmaci\u00f3n de la obra de repavimentaci\u00f3n de la Ruta 1001 que podr\u00eda ser anunciada en breve por el Ministro Gabriel Katopodis en San Pedro.<\/p>\n\n\n\n<p>Insaurralde, Nardini y los funcionarios locales efectuaron una amplia recorrida que incluy\u00f3 una visita por la obra de construcci\u00f3n de viviendas con la que regresaron este tipo de planes a San Pedro despu\u00e9s de d\u00e9cadas y mantuvieron contacto con el ex capit\u00e1n de Los Murci\u00e9lagos, Silvio Velo.<\/p>\n\n\n\n<p>Antes de dirigirse a Baradero, tambi\u00e9n acompa\u00f1ados por el Intendente Salazar, recorrieron la obra de repavimentaci\u00f3n de la Ruta 191 en donde dialogaron con los trabajadores y observaron el desarrollo de los trabajos.<\/p>\n\n\n\n<p>All\u00ed el Dr. Salazar reiter\u00f3 el agradecimiento por la visita y las gestiones realizadas y se\u00f1al\u00f3: \u201cLa gente de San Pedro, Santa Luc\u00eda y Doyle por fin tienen esta obra tan esperada y tan importante para nosotros\u201d.<\/p>\n\n\n\n<p>El Jefe de Gabinete Mart\u00edn Insaurralde anunci\u00f3 adem\u00e1s durante esta visita que \u00aba partir de los primeros d\u00edas del mes de abril estaremos firmando conjuntamente con el Gobierno Provincial y el Gobierno Nacional nuevas obras para el Partido de San Pedro\u201d.<\/p>\n\n\n\n<figure class=\"wp-block-image size-full\"><img decoding=\"async\" width=\"997\" height=\"630\" data-attachment-id=\"105104\" data-permalink=\"https:\/\/eldiariodesanpedro.com.ar\/sitio\/insaurralde-y-nardini-comprometieron-mas-obras-para-san-pedro\/whatsapp-image-2022-03-16-at-5-44-31-pm\/\" data-orig-file=\"https:\/\/eldiariodesanpedro.com.ar\/sitio\/wp-content\/uploads\/2022\/03\/WhatsApp-Image-2022-03-16-at-5.44.31-PM.jpeg\" data-orig-size=\"997,630\" data-comments-opened=\"0\" data-image-meta=\"{&quot;aperture&quot;:&quot;0&quot;,&quot;credit&quot;:&quot;&quot;,&quot;camera&quot;:&quot;&quot;,&quot;caption&quot;:&quot;&quot;,&quot;created_timestamp&quot;:&quot;0&quot;,&quot;copyright&quot;:&quot;&quot;,&quot;focal_length&quot;:&quot;0&quot;,&quot;iso&quot;:&quot;0&quot;,&quot;shutter_speed&quot;:&quot;0&quot;,&quot;title&quot;:&quot;&quot;,&quot;orientation&quot;:&quot;0&quot;}\" data-image-title=\"WhatsApp Image 2022-03-16 at 5.44.31 PM\" data-image-description=\"\" data-image-caption=\"\" data-large-file=\"https:\/\/eldiariodesanpedro.com.ar\/sitio\/wp-content\/uploads\/2022\/03\/WhatsApp-Image-2022-03-16-at-5.44.31-PM.jpeg\" data-src=\"https:\/\/eldiariodesanpedro.com.ar\/sitio\/wp-content\/uploads\/2022\/03\/WhatsApp-Image-2022-03-16-at-5.44.31-PM.jpeg\" alt=\"\" class=\"wp-image-105104 lazyload\" data-srcset=\"https:\/\/eldiariodesanpedro.com.ar\/sitio\/wp-content\/uploads\/2022\/03\/WhatsApp-Image-2022-03-16-at-5.44.31-PM.jpeg 997w, https:\/\/eldiariodesanpedro.com.ar\/sitio\/wp-content\/uploads\/2022\/03\/WhatsApp-Image-2022-03-16-at-5.44.31-PM-300x190.jpeg 300w, https:\/\/eldiariodesanpedro.com.ar\/sitio\/wp-content\/uploads\/2022\/03\/WhatsApp-Image-2022-03-16-at-5.44.31-PM-768x485.jpeg 768w\" data-sizes=\"(max-width: 997px) 100vw, 997px\" src=\"data:image\/svg+xml;base64,PHN2ZyB3aWR0aD0iMSIgaGVpZ2h0PSIxIiB4bWxucz0iaHR0cDovL3d3dy53My5vcmcvMjAwMC9zdmciPjwvc3ZnPg==\" style=\"--smush-placeholder-width: 997px; --smush-placeholder-aspect-ratio: 997\/630;\" \/><\/figure>\n\n\n\n<figure class=\"wp-block-image size-full is-resized\"><img decoding=\"async\" data-attachment-id=\"105101\" data-permalink=\"https:\/\/eldiariodesanpedro.com.ar\/sitio\/insaurralde-y-nardini-comprometieron-mas-obras-para-san-pedro\/whatsapp-image-2022-03-16-at-5-44-23-pm\/\" data-orig-file=\"https:\/\/eldiariodesanpedro.com.ar\/sitio\/wp-content\/uploads\/2022\/03\/WhatsApp-Image-2022-03-16-at-5.44.23-PM.jpeg\" data-orig-size=\"829,630\" data-comments-opened=\"0\" data-image-meta=\"{&quot;aperture&quot;:&quot;0&quot;,&quot;credit&quot;:&quot;&quot;,&quot;camera&quot;:&quot;&quot;,&quot;caption&quot;:&quot;&quot;,&quot;created_timestamp&quot;:&quot;0&quot;,&quot;copyright&quot;:&quot;&quot;,&quot;focal_length&quot;:&quot;0&quot;,&quot;iso&quot;:&quot;0&quot;,&quot;shutter_speed&quot;:&quot;0&quot;,&quot;title&quot;:&quot;&quot;,&quot;orientation&quot;:&quot;0&quot;}\" data-image-title=\"WhatsApp Image 2022-03-16 at 5.44.23 PM\" data-image-description=\"\" data-image-caption=\"\" data-large-file=\"https:\/\/eldiariodesanpedro.com.ar\/sitio\/wp-content\/uploads\/2022\/03\/WhatsApp-Image-2022-03-16-at-5.44.23-PM.jpeg\" data-src=\"https:\/\/eldiariodesanpedro.com.ar\/sitio\/wp-content\/uploads\/2022\/03\/WhatsApp-Image-2022-03-16-at-5.44.23-PM.jpeg\" alt=\"\" class=\"wp-image-105101 lazyload\" width=\"991\" height=\"753\" data-srcset=\"https:\/\/eldiariodesanpedro.com.ar\/sitio\/wp-content\/uploads\/2022\/03\/WhatsApp-Image-2022-03-16-at-5.44.23-PM.jpeg 829w, https:\/\/eldiariodesanpedro.com.ar\/sitio\/wp-content\/uploads\/2022\/03\/WhatsApp-Image-2022-03-16-at-5.44.23-PM-300x228.jpeg 300w, https:\/\/eldiariodesanpedro.com.ar\/sitio\/wp-content\/uploads\/2022\/03\/WhatsApp-Image-2022-03-16-at-5.44.23-PM-768x584.jpeg 768w\" data-sizes=\"(max-width: 991px) 100vw, 991px\" src=\"data:image\/svg+xml;base64,PHN2ZyB3aWR0aD0iMSIgaGVpZ2h0PSIxIiB4bWxucz0iaHR0cDovL3d3dy53My5vcmcvMjAwMC9zdmciPjwvc3ZnPg==\" style=\"--smush-placeholder-width: 991px; --smush-placeholder-aspect-ratio: 991\/753;\" \/><\/figure>\n\n\n\n<figure class=\"wp-block-image size-large\"><img decoding=\"async\" width=\"1024\" height=\"593\" data-attachment-id=\"105103\" data-permalink=\"https:\/\/eldiariodesanpedro.com.ar\/sitio\/insaurralde-y-nardini-comprometieron-mas-obras-para-san-pedro\/whatsapp-image-2022-03-16-at-5-44-28-pm\/\" data-orig-file=\"https:\/\/eldiariodesanpedro.com.ar\/sitio\/wp-content\/uploads\/2022\/03\/WhatsApp-Image-2022-03-16-at-5.44.28-PM.jpeg\" data-orig-size=\"1087,630\" data-comments-opened=\"0\" data-image-meta=\"{&quot;aperture&quot;:&quot;0&quot;,&quot;credit&quot;:&quot;&quot;,&quot;camera&quot;:&quot;&quot;,&quot;caption&quot;:&quot;&quot;,&quot;created_timestamp&quot;:&quot;0&quot;,&quot;copyright&quot;:&quot;&quot;,&quot;focal_length&quot;:&quot;0&quot;,&quot;iso&quot;:&quot;0&quot;,&quot;shutter_speed&quot;:&quot;0&quot;,&quot;title&quot;:&quot;&quot;,&quot;orientation&quot;:&quot;0&quot;}\" data-image-title=\"WhatsApp Image 2022-03-16 at 5.44.28 PM\" data-image-description=\"\" data-image-caption=\"\" data-large-file=\"https:\/\/eldiariodesanpedro.com.ar\/sitio\/wp-content\/uploads\/2022\/03\/WhatsApp-Image-2022-03-16-at-5.44.28-PM-1024x593.jpeg\" data-src=\"https:\/\/eldiariodesanpedro.com.ar\/sitio\/wp-content\/uploads\/2022\/03\/WhatsApp-Image-2022-03-16-at-5.44.28-PM-1024x593.jpeg\" alt=\"\" class=\"wp-image-105103 lazyload\" data-srcset=\"https:\/\/eldiariodesanpedro.com.ar\/sitio\/wp-content\/uploads\/2022\/03\/WhatsApp-Image-2022-03-16-at-5.44.28-PM-1024x593.jpeg 1024w, https:\/\/eldiariodesanpedro.com.ar\/sitio\/wp-content\/uploads\/2022\/03\/WhatsApp-Image-2022-03-16-at-5.44.28-PM-300x174.jpeg 300w, https:\/\/eldiariodesanpedro.com.ar\/sitio\/wp-content\/uploads\/2022\/03\/WhatsApp-Image-2022-03-16-at-5.44.28-PM-768x445.jpeg 768w, https:\/\/eldiariodesanpedro.com.ar\/sitio\/wp-content\/uploads\/2022\/03\/WhatsApp-Image-2022-03-16-at-5.44.28-PM.jpeg 1087w\" data-sizes=\"(max-width: 1024px) 100vw, 1024px\" src=\"data:image\/svg+xml;base64,PHN2ZyB3aWR0aD0iMSIgaGVpZ2h0PSIxIiB4bWxucz0iaHR0cDovL3d3dy53My5vcmcvMjAwMC9zdmciPjwvc3ZnPg==\" style=\"--smush-placeholder-width: 1024px; --smush-placeholder-aspect-ratio: 1024\/593;\" \/><\/figure>\n","protected":false},"excerpt":{"rendered":"<p>El Jefe de Gabinete de la Provincia de Buenos Aires Mart\u00edn Insaurralde y el Ministro de Infraestructura y Servicios P\u00fablicos bonaerense Leonardo Nardini visitaron San Pedro esta ma\u00f1ana para una reuni\u00f3n en el despacho del Intendente Dr. Ram\u00f3n Salazar junto a los senadores provinciales Adri\u00e1n Santarelli y Walter Torchio. El ex Intendente y miembro del [&hellip;]<\/p>\n","protected":false},"author":4,"featured_media":105102,"comment_status":"closed","ping_status":"closed","sticky":false,"template":"","format":"standard","meta":{"om_disable_all_campaigns":false,"_jetpack_memberships_contains_paid_content":false,"footnotes":""},"categories":[50,101,2],"tags":[197,696,2777,33,2776,19],"class_list":["post-105100","post","type-post","status-publish","format-standard","has-post-thumbnail","hentry","category-destacadas","category-interes-general-locales","category-locales","tag-buenos-aires","tag-interes-general","tag-laonardo-nardini","tag-locales","tag-martin-insaurralde","tag-san-pedro"],"aioseo_notices":[],"gutentor_comment":0,"jetpack_featured_media_url":"https:\/\/eldiariodesanpedro.com.ar\/sitio\/wp-content\/uploads\/2022\/03\/WhatsApp-Image-2022-03-16-at-5.44.27-PM.jpeg","jetpack_shortlink":"https:\/\/wp.me\/p6RhLt-rla","jetpack_sharing_enabled":true,"_links":{"self":[{"href":"https:\/\/eldiariodesanpedro.com.ar\/sitio\/wp-json\/wp\/v2\/posts\/105100","targetHints":{"allow":["GET"]}}],"collection":[{"href":"https:\/\/eldiariodesanpedro.com.ar\/sitio\/wp-json\/wp\/v2\/posts"}],"about":[{"href":"https:\/\/eldiariodesanpedro.com.ar\/sitio\/wp-json\/wp\/v2\/types\/post"}],"author":[{"embeddable":true,"href":"https:\/\/eldiariodesanpedro.com.ar\/sitio\/wp-json\/wp\/v2\/users\/4"}],"replies":[{"embeddable":true,"href":"https:\/\/eldiariodesanpedro.com.ar\/sitio\/wp-json\/wp\/v2\/comments?post=105100"}],"version-history":[{"count":1,"href":"https:\/\/eldiariodesanpedro.com.ar\/sitio\/wp-json\/wp\/v2\/posts\/105100\/revisions"}],"predecessor-version":[{"id":105107,"href":"https:\/\/eldiariodesanpedro.com.ar\/sitio\/wp-json\/wp\/v2\/posts\/105100\/revisions\/105107"}],"wp:featuredmedia":[{"embeddable":true,"href":"https:\/\/eldiariodesanpedro.com.ar\/sitio\/wp-json\/wp\/v2\/media\/105102"}],"wp:attachment":[{"href":"https:\/\/eldiariodesanpedro.com.ar\/sitio\/wp-json\/wp\/v2\/media?parent=105100"}],"wp:term":[{"taxonomy":"category","embeddable":true,"href":"https:\/\/eldiariodesanpedro.com.ar\/sitio\/wp-json\/wp\/v2\/categories?post=105100"},{"taxonomy":"post_tag","embeddable":true,"href":"https:\/\/eldiariodesanpedro.com.ar\/sitio\/wp-json\/wp\/v2\/tags?post=105100"}],"curies":[{"name":"wp","href":"https:\/\/api.w.org\/{rel}","templated":true}]}}