{"id":105096,"date":"2022-03-16T15:39:23","date_gmt":"2022-03-16T18:39:23","guid":{"rendered":"https:\/\/eldiariodesanpedro.com.ar\/sitio\/?p=105096"},"modified":"2022-03-16T15:39:24","modified_gmt":"2022-03-16T18:39:24","slug":"puntos-sube-y-centros-de-atencion-en-san-pedro","status":"publish","type":"post","link":"https:\/\/eldiariodesanpedro.com.ar\/sitio\/puntos-sube-y-centros-de-atencion-en-san-pedro\/","title":{"rendered":"Puntos SUBE y centros de atenci\u00f3n en San Pedro"},"content":{"rendered":"<!-- VideographyWP Plugin Message: Automatic video embedding prevented by plugin options. -->\n\n<p>El Sistema \u00danico de Boleto Electr\u00f3nico funciona en la ciudad desde el mes de diciembre y paulatinamente fueron aumentando los puntos SUBE en nuestra ciudad, facilitando a los usuarios la adquisici\u00f3n y recarga de las tarjetas que se utilizan para pagar los viajes en colectivos, subtes y trenes.<\/p>\n\n\n\n<p>Adem\u00e1s, contin\u00faa aplic\u00e1ndose un 55% de descuento a Jubilados y Pensionados, Personal del Trabajo Dom\u00e9stico, Ex Combatientes de Malvinas, Beneficiarios de Asignaci\u00f3n Universal por Hijo, Beneficiarios de Asignaci\u00f3n por embarazo, Beneficiarios de Programa de Jefes de Hogar, Beneficiarios de Plan Progresar, Monotributo Social, Pensiones No Contributivas, Beneficiarios Plan Argentina Trabaja, Beneficiarios Plan Ellas Hacen.<\/p>\n\n\n\n<p>Los puntos SUBE en la ciudad:<\/p>\n\n\n\n<p>-Terminal de \u00d3mnibus \u2013 Gomendio 610<br>-Complejo Tur\u00edstico \u2013 Av. Espa\u00f1a 965<br>-Estaci\u00f3n de Servicio YPF \u2013 Mitre 1100<br>-Estaci\u00f3n de Servicio Shell \u2013 J. B. Justo 100<br>-Maxikiosco Mitre \u2013 Mitre 848<br>-Maxikiosco Orejas \u2013 3 de febrero 1300<br>-Maxikiosco Piluso \u2013 Gomendio y San Mart\u00edn<br>-Maxikiosco Ushuaia \u2013 Av. Sarmiento 1401<br>-Maxikiosco Dependencia \u2013 11 de septiembre 710<br>-La Estaci\u00f3n \u2013 Ruta Prov. 1191 (Doyle)<br>-Estaci\u00f3n de Servicio Puma \u2013 Crucero General Belgrano<br>-Unidad de Gesti\u00f3n SUBE \u2013 Mitre 2609<br>-Delegaci\u00f3n R\u00edo Tala \u2013 Av. Carmelino 250<br>-Delegaci\u00f3n Gobernador Castro \u2013 Hospital<br>-Delegaci\u00f3n Santa Luc\u00eda \u2013 M. Belgrano 351<br>-Secretar\u00eda de Turismo \u2013 C. Liniers 15<\/p>\n\n\n\n<p>\u00bfC\u00f3mo obtener y comenzar a utilizar SUBE?<\/p>\n\n\n\n<p>Desde la web argentina.gob.ar\/SUBE se puede acceder de manera muy sencilla y r\u00e1pida a informaci\u00f3n sobre c\u00f3mo conseguir, registrar, cargar y otros beneficios de la tarjeta SUBE. Es importante destacar que una vez adquirida la tarjeta SUBE, debe ser registrada de manera online para poder acceder a beneficios como la recuperaci\u00f3n del saldo vigente en caso de extrav\u00edo o hurto de la tarjeta, tramitar la tarifa social en caso que corresponda, ver los \u00faltimos movimientos, entre otras.<\/p>\n\n\n\n<p>\u00bfC\u00f3mo realizar la carga?<\/p>\n\n\n\n<p>Presencialmente, se puede cargar en los \u201cPuntos SUBE\u201d que se encuentran disponibles y actualizados en la web argentina.gob.ar\/SUBE, y est\u00e1n distribuidos en todo el pa\u00eds permitiendo acreditar cargas electr\u00f3nicas, aplicar descuentos y consultar saldo. De manera electr\u00f3nica, el usuario puede proceder a la carga de la tarjeta SUBE con tarjeta de d\u00e9bito o cr\u00e9dito en cualquier horario y lugar desde un celular, computadora o cajero autom\u00e1tico, a trav\u00e9s del homebanking o aplicaciones de pago.<\/p>\n\n\n\n<p>\u00bfC\u00f3mo acreditar la carga virtual?<\/p>\n\n\n\n<p>Luego de realizada la compra de la carga virtual, el o la usuaria deber\u00e1 acreditar la carga. Desde el celular, existen dos opciones: con la aplicaci\u00f3n \u201cCarga SUBE\u201d (disponible forma gratuita en Google Playstore) con tan solo apoyar la tarjeta detr\u00e1s del celular o quienes no cuenten con la app pueden adquirir un dispositivo de conexi\u00f3n m\u00f3vil que permitir\u00e1 acreditar la carga. Como tercera opci\u00f3n, la acreditaci\u00f3n de carga puede realizarse desde las Terminales Autom\u00e1ticas ubicadas en espacios p\u00fablicos.<\/p>\n\n\n\n<p>Para consultas se encuentran disponibles los canales de atenci\u00f3n en Twitter @tarjetaSUBEok y Facebook \u201cTarjeta SUBE\u201d y el Centro de atenci\u00f3n SUBE en B. Mitre 2609.<\/p>\n\n\n\n<figure class=\"wp-block-image size-full\"><img decoding=\"async\" width=\"630\" height=\"630\" data-attachment-id=\"105098\" data-permalink=\"https:\/\/eldiariodesanpedro.com.ar\/sitio\/puntos-sube-y-centros-de-atencion-en-san-pedro\/whatsapp-image-2022-03-16-at-1-12-31-pm\/\" data-orig-file=\"https:\/\/eldiariodesanpedro.com.ar\/sitio\/wp-content\/uploads\/2022\/03\/WhatsApp-Image-2022-03-16-at-1.12.31-PM.jpeg\" data-orig-size=\"630,630\" data-comments-opened=\"0\" data-image-meta=\"{&quot;aperture&quot;:&quot;0&quot;,&quot;credit&quot;:&quot;&quot;,&quot;camera&quot;:&quot;&quot;,&quot;caption&quot;:&quot;&quot;,&quot;created_timestamp&quot;:&quot;0&quot;,&quot;copyright&quot;:&quot;&quot;,&quot;focal_length&quot;:&quot;0&quot;,&quot;iso&quot;:&quot;0&quot;,&quot;shutter_speed&quot;:&quot;0&quot;,&quot;title&quot;:&quot;&quot;,&quot;orientation&quot;:&quot;0&quot;}\" data-image-title=\"WhatsApp-Image-2022-03-16-at-1.12.31-PM\" data-image-description=\"\" data-image-caption=\"\" data-large-file=\"https:\/\/eldiariodesanpedro.com.ar\/sitio\/wp-content\/uploads\/2022\/03\/WhatsApp-Image-2022-03-16-at-1.12.31-PM.jpeg\" data-src=\"https:\/\/eldiariodesanpedro.com.ar\/sitio\/wp-content\/uploads\/2022\/03\/WhatsApp-Image-2022-03-16-at-1.12.31-PM.jpeg\" alt=\"\" class=\"wp-image-105098 lazyload\" data-srcset=\"https:\/\/eldiariodesanpedro.com.ar\/sitio\/wp-content\/uploads\/2022\/03\/WhatsApp-Image-2022-03-16-at-1.12.31-PM.jpeg 630w, https:\/\/eldiariodesanpedro.com.ar\/sitio\/wp-content\/uploads\/2022\/03\/WhatsApp-Image-2022-03-16-at-1.12.31-PM-300x300.jpeg 300w, https:\/\/eldiariodesanpedro.com.ar\/sitio\/wp-content\/uploads\/2022\/03\/WhatsApp-Image-2022-03-16-at-1.12.31-PM-150x150.jpeg 150w\" data-sizes=\"(max-width: 630px) 100vw, 630px\" src=\"data:image\/svg+xml;base64,PHN2ZyB3aWR0aD0iMSIgaGVpZ2h0PSIxIiB4bWxucz0iaHR0cDovL3d3dy53My5vcmcvMjAwMC9zdmciPjwvc3ZnPg==\" style=\"--smush-placeholder-width: 630px; --smush-placeholder-aspect-ratio: 630\/630;\" \/><\/figure>\n","protected":false},"excerpt":{"rendered":"<p>El Sistema \u00danico de Boleto Electr\u00f3nico funciona en la ciudad desde el mes de diciembre y paulatinamente fueron aumentando los puntos SUBE en nuestra ciudad, facilitando a los usuarios la adquisici\u00f3n y recarga de las tarjetas que se utilizan para pagar los viajes en colectivos, subtes y trenes. Adem\u00e1s, contin\u00faa aplic\u00e1ndose un 55% de descuento [&hellip;]<\/p>\n","protected":false},"author":4,"featured_media":105097,"comment_status":"closed","ping_status":"closed","sticky":false,"template":"","format":"standard","meta":{"om_disable_all_campaigns":false,"_jetpack_memberships_contains_paid_content":false,"footnotes":""},"categories":[101,2],"tags":[197,696,33,19],"class_list":["post-105096","post","type-post","status-publish","format-standard","has-post-thumbnail","hentry","category-interes-general-locales","category-locales","tag-buenos-aires","tag-interes-general","tag-locales","tag-san-pedro"],"aioseo_notices":[],"gutentor_comment":0,"jetpack_featured_media_url":"https:\/\/eldiariodesanpedro.com.ar\/sitio\/wp-content\/uploads\/2022\/03\/61b3938ec01a3.jpg","jetpack_shortlink":"https:\/\/wp.me\/p6RhLt-rl6","jetpack_sharing_enabled":true,"_links":{"self":[{"href":"https:\/\/eldiariodesanpedro.com.ar\/sitio\/wp-json\/wp\/v2\/posts\/105096","targetHints":{"allow":["GET"]}}],"collection":[{"href":"https:\/\/eldiariodesanpedro.com.ar\/sitio\/wp-json\/wp\/v2\/posts"}],"about":[{"href":"https:\/\/eldiariodesanpedro.com.ar\/sitio\/wp-json\/wp\/v2\/types\/post"}],"author":[{"embeddable":true,"href":"https:\/\/eldiariodesanpedro.com.ar\/sitio\/wp-json\/wp\/v2\/users\/4"}],"replies":[{"embeddable":true,"href":"https:\/\/eldiariodesanpedro.com.ar\/sitio\/wp-json\/wp\/v2\/comments?post=105096"}],"version-history":[{"count":1,"href":"https:\/\/eldiariodesanpedro.com.ar\/sitio\/wp-json\/wp\/v2\/posts\/105096\/revisions"}],"predecessor-version":[{"id":105099,"href":"https:\/\/eldiariodesanpedro.com.ar\/sitio\/wp-json\/wp\/v2\/posts\/105096\/revisions\/105099"}],"wp:featuredmedia":[{"embeddable":true,"href":"https:\/\/eldiariodesanpedro.com.ar\/sitio\/wp-json\/wp\/v2\/media\/105097"}],"wp:attachment":[{"href":"https:\/\/eldiariodesanpedro.com.ar\/sitio\/wp-json\/wp\/v2\/media?parent=105096"}],"wp:term":[{"taxonomy":"category","embeddable":true,"href":"https:\/\/eldiariodesanpedro.com.ar\/sitio\/wp-json\/wp\/v2\/categories?post=105096"},{"taxonomy":"post_tag","embeddable":true,"href":"https:\/\/eldiariodesanpedro.com.ar\/sitio\/wp-json\/wp\/v2\/tags?post=105096"}],"curies":[{"name":"wp","href":"https:\/\/api.w.org\/{rel}","templated":true}]}}