{"id":105080,"date":"2022-03-16T12:59:35","date_gmt":"2022-03-16T15:59:35","guid":{"rendered":"https:\/\/eldiariodesanpedro.com.ar\/sitio\/?p=105080"},"modified":"2022-03-16T12:59:36","modified_gmt":"2022-03-16T15:59:36","slug":"continua-la-obra-de-la-191-ya-comenzaron-con-el-asfaltado","status":"publish","type":"post","link":"https:\/\/eldiariodesanpedro.com.ar\/sitio\/continua-la-obra-de-la-191-ya-comenzaron-con-el-asfaltado\/","title":{"rendered":"Contin\u00faa la obra de la 191, ya comenzaron con el asfaltado\u00a0"},"content":{"rendered":"<!-- VideographyWP Plugin Message: Automatic video embedding prevented by plugin options. -->\n\n<p>La empresa lleg\u00f3 con el fresado de ambos carriles de la autov\u00eda provincial hasta el kil\u00f3metro 23 antes del fin de semana y esta semana comenz\u00f3 con el primer tramo del nuevo asfalto<\/p>\n\n\n\n<p>El lunes, la empresa Eleprint S.A, a cargo de la repavimentaci\u00f3n de la Ruta Provincial N\u00b0191 comenz\u00f3 a colocar los primeros tramos de carpeta asf\u00e1ltica sobre el carril en sentido a Arrecifes de la autov\u00eda. La obra abracar\u00e1 toda la extensi\u00f3n entre las rutas nacionales N\u00b08 y N\u00b09, e incluir\u00eda el acceso a Santa Luc\u00eda.<br>Antes del fin de semana hab\u00edan completado el trabajo de fresado de ambos carriles, desde el puente de la Ruta Nacional N\u00b09 hasta pocos metros antes del kil\u00f3metro 23 de la Ruta 191.<\/p>\n\n\n\n<p>De acuerdo a lo anunciado en agosto de 2021 por Vialidad provincial, la empresa Eleprint S.A logr\u00f3 la adjudicaci\u00f3n de la obra por un total de $1.006.061.568,53.\u00a0<strong>con un plazo de ejecuci\u00f3n y conservaci\u00f3n de de 365 d\u00edas corridos<\/strong>\u00a0divididos en dos etapas.<\/p>\n\n\n\n<p>En febrero, cuando comenzaron las tareas de frezado, el Intendente Ram\u00f3n Salazar anunci\u00f3 que adem\u00e1s de lo licitado \u00ab<strong>se van a hacer 5 kil\u00f3metros y medio m\u00e1s en el ingreso a Santa Luc\u00eda<\/strong>\u00ab.<\/p>\n\n\n\n<p><\/p>\n","protected":false},"excerpt":{"rendered":"<p>La empresa lleg\u00f3 con el fresado de ambos carriles de la autov\u00eda provincial hasta el kil\u00f3metro 23 antes del fin de semana y esta semana comenz\u00f3 con el primer tramo del nuevo asfalto El lunes, la empresa Eleprint S.A, a cargo de la repavimentaci\u00f3n de la Ruta Provincial N\u00b0191 comenz\u00f3 a colocar los primeros tramos [&hellip;]<\/p>\n","protected":false},"author":4,"featured_media":105081,"comment_status":"closed","ping_status":"closed","sticky":false,"template":"","format":"standard","meta":{"om_disable_all_campaigns":false,"_jetpack_memberships_contains_paid_content":false,"footnotes":""},"categories":[50,101,2],"tags":[197,696,33,19],"class_list":["post-105080","post","type-post","status-publish","format-standard","has-post-thumbnail","hentry","category-destacadas","category-interes-general-locales","category-locales","tag-buenos-aires","tag-interes-general","tag-locales","tag-san-pedro"],"aioseo_notices":[],"gutentor_comment":0,"jetpack_featured_media_url":"https:\/\/eldiariodesanpedro.com.ar\/sitio\/wp-content\/uploads\/2022\/03\/ruta-191.jpg","jetpack_shortlink":"https:\/\/wp.me\/p6RhLt-rkQ","jetpack_sharing_enabled":true,"_links":{"self":[{"href":"https:\/\/eldiariodesanpedro.com.ar\/sitio\/wp-json\/wp\/v2\/posts\/105080","targetHints":{"allow":["GET"]}}],"collection":[{"href":"https:\/\/eldiariodesanpedro.com.ar\/sitio\/wp-json\/wp\/v2\/posts"}],"about":[{"href":"https:\/\/eldiariodesanpedro.com.ar\/sitio\/wp-json\/wp\/v2\/types\/post"}],"author":[{"embeddable":true,"href":"https:\/\/eldiariodesanpedro.com.ar\/sitio\/wp-json\/wp\/v2\/users\/4"}],"replies":[{"embeddable":true,"href":"https:\/\/eldiariodesanpedro.com.ar\/sitio\/wp-json\/wp\/v2\/comments?post=105080"}],"version-history":[{"count":1,"href":"https:\/\/eldiariodesanpedro.com.ar\/sitio\/wp-json\/wp\/v2\/posts\/105080\/revisions"}],"predecessor-version":[{"id":105082,"href":"https:\/\/eldiariodesanpedro.com.ar\/sitio\/wp-json\/wp\/v2\/posts\/105080\/revisions\/105082"}],"wp:featuredmedia":[{"embeddable":true,"href":"https:\/\/eldiariodesanpedro.com.ar\/sitio\/wp-json\/wp\/v2\/media\/105081"}],"wp:attachment":[{"href":"https:\/\/eldiariodesanpedro.com.ar\/sitio\/wp-json\/wp\/v2\/media?parent=105080"}],"wp:term":[{"taxonomy":"category","embeddable":true,"href":"https:\/\/eldiariodesanpedro.com.ar\/sitio\/wp-json\/wp\/v2\/categories?post=105080"},{"taxonomy":"post_tag","embeddable":true,"href":"https:\/\/eldiariodesanpedro.com.ar\/sitio\/wp-json\/wp\/v2\/tags?post=105080"}],"curies":[{"name":"wp","href":"https:\/\/api.w.org\/{rel}","templated":true}]}}