{"id":105071,"date":"2022-03-16T12:25:51","date_gmt":"2022-03-16T15:25:51","guid":{"rendered":"https:\/\/eldiariodesanpedro.com.ar\/sitio\/?p=105071"},"modified":"2022-03-16T12:25:51","modified_gmt":"2022-03-16T15:25:51","slug":"gripe-a-provincia-de-buenos-aires-admite-que-hay-un-brote","status":"publish","type":"post","link":"https:\/\/eldiariodesanpedro.com.ar\/sitio\/gripe-a-provincia-de-buenos-aires-admite-que-hay-un-brote\/","title":{"rendered":"Gripe A: Provincia de Buenos Aires admite que hay un brote"},"content":{"rendered":"<!-- VideographyWP Plugin Message: Automatic video embedding prevented by plugin options. -->\n\n<p>El ministro de Salud de la Provincia de Buenos Aires, Nicol\u00e1s Kreplak, dijo que a ra\u00edz del aumento de casos de Gripe A reforzar\u00e1n la vacunaci\u00f3n.<a href=\"https:\/\/media.infocielo.com\/p\/f6a256f4106ed30b84f088b0a064d13c\/adjuntos\/299\/imagenes\/001\/378\/0001378840\/887x0\/smart\/nicolas-kreplakjpg.jpg\"><\/a><\/p>\n\n\n\n<p>Con motivo de la aparici\u00f3n de infecciones por\u00a0<strong>Gripe A<\/strong>, el ministro de\u00a0Salud\u00a0de la Provincia de Buenos Aires,\u00a0<strong>Nicol\u00e1s Kreplak<\/strong>, confirm\u00f3 un aumento de infecciones, explic\u00f3 que en muchos casos e internaciones se busca el coronavirus por los s\u00edntomas y se encuentra esta variante. Ante esto, adelant\u00f3 que la\u00a0campa\u00f1a de vacunaci\u00f3n\u00a0para las personas de riesgo comenzar\u00e1 a principio de abril.<\/p>\n\n\n\n<p><strong>\u00abDesde que empez\u00f3 la pandemia hemos tenido casi nula circulaci\u00f3n de gripe en 2020 y 2021, hubo muy pocos casos de gripe pero estamos viendo un aumento de casos que no es comparable con una epidemia como fue la de 2018, pero si que sucede que est\u00e1 dos meses antes, hay aumento, esto tambi\u00e9n pas\u00f3 en Brasil hace un mes atr\u00e1s\u00bb<\/strong>, dijo en di\u00e1logo con\u00a0<em>Radio Urbana Play<\/em>.<\/p>\n\n\n\n<p>Adem\u00e1s de la vacunaci\u00f3n, el ministro de Salud explic\u00f3:&nbsp;<strong>\u00abEn algunos casos o internaciones que uno busca Covid por los s\u00edntomas, se encuentra gripe, un tipo de gripe que es Gripe A, que est\u00e1 por venir la vacuna que llega en un par de semanas, es una vacuna que todav\u00eda no esta dada por eso hay que tener cuidado la poblaci\u00f3n de riesgo\u00bb<\/strong>.<\/p>\n\n\n\n<p>Asimismo, Nicol\u00e1s Kreplak agreg\u00f3 que\u00a0<strong>\u00abhoy tenemos un brote y algunas internaciones de neumon\u00eda por esta gripe, pero las medidas son las mismas que para el Covid-19 como la ventilaci\u00f3n cruzada y lavarse las manos\u00bb<\/strong>.<\/p>\n\n\n\n<h2 class=\"wp-block-heading\">Detalles del marco epidemiol\u00f3gico<\/h2>\n\n\n\n<p>Al ser consultado de por qu\u00e9 se adelant\u00f3 la aparici\u00f3n de este tipo de gripe, el ministro de Salud dijo que<strong>&nbsp;\u00abhace como dos a\u00f1os que no hay una epidemia fuerte\u00bb<\/strong>, y consider\u00f3 que en las \u00faltimas semanas hubo un relajamiento de los cuidados sanitarios que hicieron que volvieran&nbsp;<strong>\u00aba circular enfermedades respiratorias que, aunque no son tan contagiosas como el coronavirus se contagian fuera de tiempo\u00bb<\/strong>.<\/p>\n\n\n\n<p>Por eso, inst\u00f3 a<strong>&nbsp;\u00abaplicar lo que aprendimos con la pandemia; el cuidado de la higiene, la ventilaci\u00f3n de ambientes, no ir a trabajar con mocos, estornudos, o tos, ya que eso es lo que contagia\u00bb<\/strong>.<\/p>\n\n\n\n<p>Nicol\u00e1s Kreplak, tambi\u00e9n, destac\u00f3 los avances en inmunizaci\u00f3n contra el coronavirus en la provincia especialmente en en primera y segunda dosis.<\/p>\n\n\n\n<p><strong>\u00abTenemos el 94% de la primera dosis que es un porcentaje alt\u00edsimo, y m\u00e1s de 84% de la segunda dosis. La tercera dosis viene aumentando pero en las \u00faltimas semanas baj\u00f3 la velocidad, es importante ir a vacunarse y darse la segunda y tercera dosis\u00bb<\/strong>, coment\u00f3 y sostuvo que&nbsp;<strong>\u00abel riesgo lo tenemos ahora cuando venga el fr\u00edo, no hay que llegar tarde\u00bb<\/strong>.<\/p>\n\n\n\n<p>Asimismo, record\u00f3 que<strong>\u00a0\u00abaquellos que tuvieron tres dosis por ser de riesgo, tienen una cuarta dosis, libre una vez que la tercera dosis ya cumpli\u00f3 sus cuatro meses<\/strong>\u00ab.<\/p>\n\n\n\n<h4 class=\"wp-block-heading\">Gripe A: qu\u00e9 efectos tiene, c\u00f3mo se contagia y prevenci\u00f3n<\/h4>\n\n\n\n<p>Los casos de gripe A se adelantaron y ya se delinea la campa\u00f1a de vacunaci\u00f3n. \u00bfQu\u00e9 hay que saber sobre la enfermedad?<a href=\"https:\/\/media.infocielo.com\/p\/49d1df13adf4d902c1f7d235fa90dd26\/adjuntos\/299\/imagenes\/001\/378\/0001378922\/887x0\/smart\/gripe-resfrio-tos-estornudos-fiebrejpg.jpg\"><\/a><\/p>\n\n\n\n<p>Adem\u00e1s, la similitud de sus s\u00edntomas con los del&nbsp;<strong>coronavirus<\/strong>&nbsp;genera algunas confusiones entre los pacientes&#8230; A continuaci\u00f3n, todo lo que hay que saber.<\/p>\n\n\n\n<h2 class=\"wp-block-heading\">\u00bfC\u00f3mo es la gripe A?<\/h2>\n\n\n\n<p>Seg\u00fan describen desde la<strong>&nbsp;Organizaci\u00f3n Panamericana de la Salud (OPS)<\/strong>, la influenza o gripe es una infecci\u00f3n v\u00edrica que afecta principalmente&nbsp;<strong>la nariz, la garganta, los bronquios y, ocasionalmente, los pulmones<\/strong>.<\/p>\n\n\n\n<p>Caracterizada por la aparici\u00f3n s\u00fabita de&nbsp;<strong>fiebre alta, dolores musculares, cefalea, malestar general importante, tos seca, dolor de garganta y rinitis<\/strong>, suele durar&nbsp;<strong>entre una y dos semanas&nbsp;<\/strong>y no requerir atenci\u00f3n m\u00e9dica.<\/p>\n\n\n\n<p>De acuerdo al organismo internacional, el&nbsp;<a href=\"https:\/\/infocielo.com\/virus-a90\">virus<\/a>&nbsp;se contagia con facilidad de una persona a otra&nbsp;<strong>a trav\u00e9s de got\u00edculas y peque\u00f1as part\u00edculas expulsadas con la tos o los estornudos<\/strong>&nbsp;y suele propagarse r\u00e1pidamente en forma de epidemias estacionales.<\/p>\n\n\n\n<p>En ni\u00f1os peque\u00f1os, mayores de 65 a\u00f1os y pacientes con patolog\u00edas cr\u00f3nicas, la infecci\u00f3n puede conllevar&nbsp;<strong>graves complicaciones de la enfermedad subyacente, provocar neumon\u00eda o causar la muerte<\/strong>.<\/p>\n\n\n\n<h3 class=\"wp-block-heading\">Tipos de gripe<\/h3>\n\n\n\n<p>De acuerdo a la misma entidad,&nbsp;<strong>hay cuatro tipos de virus de la gripe estacional: A, B, C y D.<\/strong>&nbsp;Los causantes de las epidemias estacionales son los dos primeros y&nbsp;<strong>todas las pandemias conocidas han sido causadas por tipos A.<\/strong><\/p>\n\n\n\n<ul class=\"wp-block-list\"><li>\u00a0Los virus de la gripe A se clasifican en subtipos en funci\u00f3n de las combinaciones de dos prote\u00ednas de su superficie: la hemaglutinina (HA) y la neuraminidasa (NA).\u00a0<strong>Los subtipos actualmente circulantes en el ser humano son el A(H1N1) y el A(H3N2).<\/strong><\/li><li>Los virus de<strong>\u00a0tipo B<\/strong>\u00a0no se clasifican en subtipos, pero los circulantes actualmente pueden dividirse en dos linajes:\u00a0<strong>B\/Yamagata y B\/Victoria<\/strong>.<\/li><li>Por su parte, los virus de\u00a0<strong>tipo C<\/strong>\u00a0se detectan con menos frecuencia y suelen causar infecciones leves, por lo que carecen de importancia desde el punto de vista de la salud p\u00fablica.<\/li><li>Por \u00faltimo, los virus de<strong>\u00a0tipo D\u00a0<\/strong>afectan principalmente al ganado y no parecen ser causa de infecci\u00f3n ni enfermedad en el ser humano.<\/li><\/ul>\n\n\n\n<h2 class=\"wp-block-heading\">Gripe A en Argentina 2022<\/h2>\n\n\n\n<p>El 19 de febrero, el Ministerio de Salud de la Naci\u00f3n emiti\u00f3\u00a0una alerta epidemiol\u00f3gica\u00a0ante la detecci\u00f3n de un aumento en el n\u00famero de casos de influenza, principalmente la A H3N2.<\/p>\n\n\n\n<p>Esta semana, en tanto, el ministro de Salud de la Provincia de Buenos Aires,\u00a0<strong>Nicol\u00e1s Kreplak<\/strong>,\u00a0adelant\u00f3 que la campa\u00f1a de vacunaci\u00f3n para personas de riesgo comenzar\u00e1 a principio de abril.<\/p>\n\n\n\n<h2 class=\"wp-block-heading\">Qu\u00e9 efectos tiene la gripe A<\/h2>\n\n\n\n<p>Seg\u00fan la OPS, la gripe estacional se caracteriza por los siguientes s\u00edntomas:<\/p>\n\n\n\n<ul class=\"wp-block-list\"><li>Inicio s\u00fabito de fiebre<\/li><li>Tos (generalmente seca)<\/li><li>Dolores musculares, articulares, de cabeza y garganta<\/li><li>Intenso malestar<\/li><li>Abundante secreci\u00f3n nasal<\/li><\/ul>\n\n\n\n<p>La tos puede ser intensa y durar 2 semanas o m\u00e1s, mientras que la fiebre y los dem\u00e1s s\u00edntomas suelen desaparecer, en la mayor\u00eda de los casos, en el plazo de una semana.<\/p>\n\n\n\n<p>En personas con alto riesgo, la gripe puede ser una enfermedad grave e incluso mortal.<\/p>\n\n\n\n<h2 class=\"wp-block-heading\">Prevenci\u00f3n<\/h2>\n\n\n\n<p>Seg\u00fan el Ministerio de Salud de la Naci\u00f3n, las recomendaciones para evitar contagios de Gripe A son las siguientes:<\/p>\n\n\n\n<ul class=\"wp-block-list\"><li>Lavado frecuente de manos con agua y jab\u00f3n<\/li><li>Toser y estornudar con el pliegue del codo<\/li><li>No compartir cubiertos ni vasos<\/li><li>Lavar las superficies que tocan los enfermos con agua y detergente o jab\u00f3n, o alcohol al 70%<\/li><li>Ventilar los ambientes<\/li><li>Las personas enfermas deber\u00e1n permanecer en su domicilio, cumpliendo las medidas para evitar la transmisi\u00f3n y evitar acudir a actividades laborales, educativas o lugares p\u00fablicos hasta la resoluci\u00f3n del cuadro cl\u00ednico.<\/li><li>En cuanto al uso de barbijo, en la actual situaci\u00f3n epidemiol\u00f3gica debe utilizarse seg\u00fan las recomendaciones vigentes (tapando nariz, boca y ment\u00f3n y bien ajustado a la cara)<\/li><\/ul>\n","protected":false},"excerpt":{"rendered":"<p>El ministro de Salud de la Provincia de Buenos Aires, Nicol\u00e1s Kreplak, dijo que a ra\u00edz del aumento de casos de Gripe A reforzar\u00e1n la vacunaci\u00f3n. Con motivo de la aparici\u00f3n de infecciones por\u00a0Gripe A, el ministro de\u00a0Salud\u00a0de la Provincia de Buenos Aires,\u00a0Nicol\u00e1s Kreplak, confirm\u00f3 un aumento de infecciones, explic\u00f3 que en muchos casos e [&hellip;]<\/p>\n","protected":false},"author":4,"featured_media":105072,"comment_status":"closed","ping_status":"closed","sticky":false,"template":"","format":"standard","meta":{"om_disable_all_campaigns":false,"_jetpack_memberships_contains_paid_content":false,"footnotes":""},"categories":[101,2],"tags":[197,2775,696,33,19],"class_list":["post-105071","post","type-post","status-publish","format-standard","has-post-thumbnail","hentry","category-interes-general-locales","category-locales","tag-buenos-aires","tag-gripe-a-provincia-de-buenos-aires-admite-que-hay-un-brote","tag-interes-general","tag-locales","tag-san-pedro"],"aioseo_notices":[],"gutentor_comment":0,"jetpack_featured_media_url":"https:\/\/eldiariodesanpedro.com.ar\/sitio\/wp-content\/uploads\/2022\/03\/gripe-a-696x310-1.jpg","jetpack_shortlink":"https:\/\/wp.me\/p6RhLt-rkH","jetpack_sharing_enabled":true,"_links":{"self":[{"href":"https:\/\/eldiariodesanpedro.com.ar\/sitio\/wp-json\/wp\/v2\/posts\/105071","targetHints":{"allow":["GET"]}}],"collection":[{"href":"https:\/\/eldiariodesanpedro.com.ar\/sitio\/wp-json\/wp\/v2\/posts"}],"about":[{"href":"https:\/\/eldiariodesanpedro.com.ar\/sitio\/wp-json\/wp\/v2\/types\/post"}],"author":[{"embeddable":true,"href":"https:\/\/eldiariodesanpedro.com.ar\/sitio\/wp-json\/wp\/v2\/users\/4"}],"replies":[{"embeddable":true,"href":"https:\/\/eldiariodesanpedro.com.ar\/sitio\/wp-json\/wp\/v2\/comments?post=105071"}],"version-history":[{"count":1,"href":"https:\/\/eldiariodesanpedro.com.ar\/sitio\/wp-json\/wp\/v2\/posts\/105071\/revisions"}],"predecessor-version":[{"id":105073,"href":"https:\/\/eldiariodesanpedro.com.ar\/sitio\/wp-json\/wp\/v2\/posts\/105071\/revisions\/105073"}],"wp:featuredmedia":[{"embeddable":true,"href":"https:\/\/eldiariodesanpedro.com.ar\/sitio\/wp-json\/wp\/v2\/media\/105072"}],"wp:attachment":[{"href":"https:\/\/eldiariodesanpedro.com.ar\/sitio\/wp-json\/wp\/v2\/media?parent=105071"}],"wp:term":[{"taxonomy":"category","embeddable":true,"href":"https:\/\/eldiariodesanpedro.com.ar\/sitio\/wp-json\/wp\/v2\/categories?post=105071"},{"taxonomy":"post_tag","embeddable":true,"href":"https:\/\/eldiariodesanpedro.com.ar\/sitio\/wp-json\/wp\/v2\/tags?post=105071"}],"curies":[{"name":"wp","href":"https:\/\/api.w.org\/{rel}","templated":true}]}}