{"id":105068,"date":"2022-03-16T12:19:20","date_gmt":"2022-03-16T15:19:20","guid":{"rendered":"https:\/\/eldiariodesanpedro.com.ar\/sitio\/?p=105068"},"modified":"2022-03-16T12:19:21","modified_gmt":"2022-03-16T15:19:21","slug":"comenzo-el-censo-2022-paso-a-paso-todo-lo-que-hay-que-saber","status":"publish","type":"post","link":"https:\/\/eldiariodesanpedro.com.ar\/sitio\/comenzo-el-censo-2022-paso-a-paso-todo-lo-que-hay-que-saber\/","title":{"rendered":"Comenz\u00f3 el Censo 2022: paso a paso, todo lo que hay que saber"},"content":{"rendered":"<!-- VideographyWP Plugin Message: Automatic video embedding prevented by plugin options. -->\n\n<p>El Censo Nacional 2022 comenz\u00f3 hoy con su etapa digital, en la que los habitantes de Argentina podr\u00e1n autocompletar un formulario de 61 preguntas.<a href=\"https:\/\/media.infocielo.com\/p\/187c6c68fe2f35328a88b63e949b8291\/adjuntos\/299\/imagenes\/001\/371\/0001371326\/887x0\/smart\/censo-digital-argjpg.jpg\"><\/a><\/p>\n\n\n\n<p>Ya est\u00e1 disponible, por primera vez en la historia de nuestro pa\u00eds, el\u00a0<strong>Censo\u00a0digital<\/strong>, una novedosa herramienta desarrollada por el\u00a0<strong>INDEC<\/strong>\u00a0que<strong>\u00a0permite autocompletar un cuestionario digital y ahorrar tiempo a la poblaci\u00f3n y a los censistas el D\u00eda del Censo, previsto para el pr\u00f3ximo 18 de mayo.<\/strong><\/p>\n\n\n\n<p>Con el objetivo de dar un salto de calidad tecnol\u00f3gica en toda su estructura de trabajo el Instituto Nacional de Estad\u00edstica y Censos de la Rep\u00fablica Argentina (INDEC) desarroll\u00f3 el\u00a0<strong>Censo Digital<\/strong>, instrumento que estar\u00e1 disponible a partir del 16 de marzo a las 8 de la ma\u00f1ana hasta el 18 de mayo de 2022.<\/p>\n\n\n\n<p>El director Ejecutivo del Instituto Nacional de Estad\u00edstica y Censos (<strong>INDEC<\/strong>), Marco Lavagna, adelant\u00f3 que tanto para \u201clos operativos del Censo digital, como para el operativo de campo se avanza en tiempo y forma, con una gran coordinaci\u00f3n del Estado nacional, provincial y municipal\u201d.<\/p>\n\n\n\n<p>En este sentido, el director de INDEC agreg\u00f3 que \u201cpara el armado de toda la estructura censal de campo, desde los coordinadores hasta los censistas,\u00a0<strong>se van a requerir 600 mil personas en la calle\u201d\u00a0<\/strong>y detall\u00f3 que \u201cser\u00e1\u00a0<strong>un operativo muy grande en el que tendremos que coordinar con Gendarmer\u00eda y las Fuerzas de Seguridad para llegar a cada uno de los rincones de nuestro pa\u00eds\u201d.<\/strong><\/p>\n\n\n\n<h4 class=\"wp-block-heading\">Pasos a seguir para realizar el Censo Digital<\/h4>\n\n\n\n<p>A trav\u00e9s de la herramienta,<strong>&nbsp;las personas que lo prefieran podr\u00e1n autocompleten el cuestionario digital ingresando a la p\u00e1gina<\/strong>&nbsp;<a href=\"https:\/\/censo.gob.ar\/\" target=\"_blank\" rel=\"noreferrer noopener\">https:\/\/censo.gob.ar\/<\/a>&nbsp;y seleccionando el bot\u00f3n \u201cCenso digital\u201d ubicado en el margen superior derecho de la pantalla.<\/p>\n\n\n\n<p>Luego, al seguir las instrucciones,&nbsp;<strong>se genera un c\u00f3digo \u00fanico de la vivienda<\/strong>&nbsp;que permite acceder al cuestionario digital para responder las preguntas por todas las personas que integran el hogar.<\/p>\n\n\n\n<p>Posteriormente, al completar el cuestionario de 61 preguntas,&nbsp;<strong>se genera un comprobante con un c\u00f3digo alfanum\u00e9rico de seis d\u00edgitos que ser\u00e1 solicitado por la persona censista que visite el domicilio el d\u00eda del Censo<\/strong>.<\/p>\n\n\n\n<p><strong>Es importante destacar que el Censo Digital no exime que todos deban estar en sus casas el d\u00eda del Censo Presencial.<\/strong><\/p>\n","protected":false},"excerpt":{"rendered":"<p>El Censo Nacional 2022 comenz\u00f3 hoy con su etapa digital, en la que los habitantes de Argentina podr\u00e1n autocompletar un formulario de 61 preguntas. Ya est\u00e1 disponible, por primera vez en la historia de nuestro pa\u00eds, el\u00a0Censo\u00a0digital, una novedosa herramienta desarrollada por el\u00a0INDEC\u00a0que\u00a0permite autocompletar un cuestionario digital y ahorrar tiempo a la poblaci\u00f3n y a [&hellip;]<\/p>\n","protected":false},"author":4,"featured_media":104837,"comment_status":"closed","ping_status":"closed","sticky":false,"template":"","format":"standard","meta":{"om_disable_all_campaigns":false,"_jetpack_memberships_contains_paid_content":false,"footnotes":""},"categories":[50,101,2],"tags":[197,696,33,19],"class_list":["post-105068","post","type-post","status-publish","format-standard","has-post-thumbnail","hentry","category-destacadas","category-interes-general-locales","category-locales","tag-buenos-aires","tag-interes-general","tag-locales","tag-san-pedro"],"aioseo_notices":[],"gutentor_comment":0,"jetpack_featured_media_url":"https:\/\/eldiariodesanpedro.com.ar\/sitio\/wp-content\/uploads\/2022\/03\/7FDV6OAV4RDKXJ2QRDRDXGVHKI.jpg","jetpack_shortlink":"https:\/\/wp.me\/p6RhLt-rkE","jetpack_sharing_enabled":true,"_links":{"self":[{"href":"https:\/\/eldiariodesanpedro.com.ar\/sitio\/wp-json\/wp\/v2\/posts\/105068","targetHints":{"allow":["GET"]}}],"collection":[{"href":"https:\/\/eldiariodesanpedro.com.ar\/sitio\/wp-json\/wp\/v2\/posts"}],"about":[{"href":"https:\/\/eldiariodesanpedro.com.ar\/sitio\/wp-json\/wp\/v2\/types\/post"}],"author":[{"embeddable":true,"href":"https:\/\/eldiariodesanpedro.com.ar\/sitio\/wp-json\/wp\/v2\/users\/4"}],"replies":[{"embeddable":true,"href":"https:\/\/eldiariodesanpedro.com.ar\/sitio\/wp-json\/wp\/v2\/comments?post=105068"}],"version-history":[{"count":1,"href":"https:\/\/eldiariodesanpedro.com.ar\/sitio\/wp-json\/wp\/v2\/posts\/105068\/revisions"}],"predecessor-version":[{"id":105069,"href":"https:\/\/eldiariodesanpedro.com.ar\/sitio\/wp-json\/wp\/v2\/posts\/105068\/revisions\/105069"}],"wp:featuredmedia":[{"embeddable":true,"href":"https:\/\/eldiariodesanpedro.com.ar\/sitio\/wp-json\/wp\/v2\/media\/104837"}],"wp:attachment":[{"href":"https:\/\/eldiariodesanpedro.com.ar\/sitio\/wp-json\/wp\/v2\/media?parent=105068"}],"wp:term":[{"taxonomy":"category","embeddable":true,"href":"https:\/\/eldiariodesanpedro.com.ar\/sitio\/wp-json\/wp\/v2\/categories?post=105068"},{"taxonomy":"post_tag","embeddable":true,"href":"https:\/\/eldiariodesanpedro.com.ar\/sitio\/wp-json\/wp\/v2\/tags?post=105068"}],"curies":[{"name":"wp","href":"https:\/\/api.w.org\/{rel}","templated":true}]}}