{"id":105059,"date":"2022-03-16T12:00:04","date_gmt":"2022-03-16T15:00:04","guid":{"rendered":"https:\/\/eldiariodesanpedro.com.ar\/sitio\/?p=105059"},"modified":"2022-03-16T12:00:05","modified_gmt":"2022-03-16T15:00:05","slug":"recuperan-en-ruta-191-un-camion-que-fue-robado-minutos-antes","status":"publish","type":"post","link":"https:\/\/eldiariodesanpedro.com.ar\/sitio\/recuperan-en-ruta-191-un-camion-que-fue-robado-minutos-antes\/","title":{"rendered":"Recuperan en ruta 191 un cami\u00f3n que fue robado minutos antes"},"content":{"rendered":"<!-- VideographyWP Plugin Message: Automatic video embedding prevented by plugin options. -->\n\n<p>Este martes alrededor de las 06 horas, el personal policial de la comisar\u00eda tras r\u00e1pido accionar en Ruta Provincial 191 KM 6 aproximadamente de la ciudad de San Pedro, secuestr\u00f3 un cami\u00f3n abandonado sin ocupantes estacionado a la vera de la ruta, el cu\u00e1l fue sustra\u00eddo sin violencia instantes previos, de Juan B. Justo y Gomendio, encontr\u00e1ndose con llave colocada.&nbsp;<\/p>\n\n\n\n<p>Propiedad de una mujer de 47 a\u00f1os de edad, quien recuper\u00f3 el bien y se investiga la autor\u00eda del hecho.<\/p>\n","protected":false},"excerpt":{"rendered":"<p>Este martes alrededor de las 06 horas, el personal policial de la comisar\u00eda tras r\u00e1pido accionar en Ruta Provincial 191 KM 6 aproximadamente de la ciudad de San Pedro, secuestr\u00f3 un cami\u00f3n abandonado sin ocupantes estacionado a la vera de la ruta, el cu\u00e1l fue sustra\u00eddo sin violencia instantes previos, de Juan B. Justo y [&hellip;]<\/p>\n","protected":false},"author":4,"featured_media":105060,"comment_status":"closed","ping_status":"closed","sticky":false,"template":"","format":"standard","meta":{"om_disable_all_campaigns":false,"_jetpack_memberships_contains_paid_content":false,"footnotes":""},"categories":[2,103],"tags":[197,33,95],"class_list":["post-105059","post","type-post","status-publish","format-standard","has-post-thumbnail","hentry","category-locales","category-policiales-locales","tag-buenos-aires","tag-locales","tag-policiales"],"aioseo_notices":[],"gutentor_comment":0,"jetpack_featured_media_url":"https:\/\/eldiariodesanpedro.com.ar\/sitio\/wp-content\/uploads\/2022\/03\/WhatsApp-Image-2022-03-15-at-10.02.12-2.jpeg","jetpack_shortlink":"https:\/\/wp.me\/p6RhLt-rkv","jetpack_sharing_enabled":true,"_links":{"self":[{"href":"https:\/\/eldiariodesanpedro.com.ar\/sitio\/wp-json\/wp\/v2\/posts\/105059","targetHints":{"allow":["GET"]}}],"collection":[{"href":"https:\/\/eldiariodesanpedro.com.ar\/sitio\/wp-json\/wp\/v2\/posts"}],"about":[{"href":"https:\/\/eldiariodesanpedro.com.ar\/sitio\/wp-json\/wp\/v2\/types\/post"}],"author":[{"embeddable":true,"href":"https:\/\/eldiariodesanpedro.com.ar\/sitio\/wp-json\/wp\/v2\/users\/4"}],"replies":[{"embeddable":true,"href":"https:\/\/eldiariodesanpedro.com.ar\/sitio\/wp-json\/wp\/v2\/comments?post=105059"}],"version-history":[{"count":1,"href":"https:\/\/eldiariodesanpedro.com.ar\/sitio\/wp-json\/wp\/v2\/posts\/105059\/revisions"}],"predecessor-version":[{"id":105061,"href":"https:\/\/eldiariodesanpedro.com.ar\/sitio\/wp-json\/wp\/v2\/posts\/105059\/revisions\/105061"}],"wp:featuredmedia":[{"embeddable":true,"href":"https:\/\/eldiariodesanpedro.com.ar\/sitio\/wp-json\/wp\/v2\/media\/105060"}],"wp:attachment":[{"href":"https:\/\/eldiariodesanpedro.com.ar\/sitio\/wp-json\/wp\/v2\/media?parent=105059"}],"wp:term":[{"taxonomy":"category","embeddable":true,"href":"https:\/\/eldiariodesanpedro.com.ar\/sitio\/wp-json\/wp\/v2\/categories?post=105059"},{"taxonomy":"post_tag","embeddable":true,"href":"https:\/\/eldiariodesanpedro.com.ar\/sitio\/wp-json\/wp\/v2\/tags?post=105059"}],"curies":[{"name":"wp","href":"https:\/\/api.w.org\/{rel}","templated":true}]}}