{"id":105057,"date":"2022-03-16T10:10:17","date_gmt":"2022-03-16T13:10:17","guid":{"rendered":"https:\/\/eldiariodesanpedro.com.ar\/sitio\/?p=105057"},"modified":"2022-03-16T10:10:18","modified_gmt":"2022-03-16T13:10:18","slug":"campana-de-vacunacion-para-caninos-y-felinos-en-el-barrio-los-aromitos","status":"publish","type":"post","link":"https:\/\/eldiariodesanpedro.com.ar\/sitio\/campana-de-vacunacion-para-caninos-y-felinos-en-el-barrio-los-aromitos\/","title":{"rendered":"Campa\u00f1a de Vacunaci\u00f3n para caninos y felinos en el barrio Los Aromitos"},"content":{"rendered":"<!-- VideographyWP Plugin Message: Automatic video embedding prevented by plugin options. -->\n\n<p>El Departamento Canino informa que, continuando con la campa\u00f1a de vacunaci\u00f3n para perros y gatos, este viernes 18 de marzo se instalar\u00e1 un equipo del \u00e1rea en la intersecci\u00f3n de las calles C. Carllevarino y C. Rafael Gomila del barrio Los Aromitos.<\/p>\n\n\n\n<p>Se invita a quienes deseen acercar sus mascotas entre las 9.00 hs y 12.30 hs, hacerlo respetando las medidas sanitarias vigentes. Les recordamos que todos los animales deber\u00e1n tener collar, correa y\/o bozal.<\/p>\n","protected":false},"excerpt":{"rendered":"<p>El Departamento Canino informa que, continuando con la campa\u00f1a de vacunaci\u00f3n para perros y gatos, este viernes 18 de marzo se instalar\u00e1 un equipo del \u00e1rea en la intersecci\u00f3n de las calles C. Carllevarino y C. Rafael Gomila del barrio Los Aromitos. Se invita a quienes deseen acercar sus mascotas entre las 9.00 hs y [&hellip;]<\/p>\n","protected":false},"author":4,"featured_media":18617,"comment_status":"closed","ping_status":"closed","sticky":false,"template":"","format":"standard","meta":{"om_disable_all_campaigns":false,"_jetpack_memberships_contains_paid_content":false,"footnotes":""},"categories":[50,101,2],"tags":[197,696,33,19],"class_list":["post-105057","post","type-post","status-publish","format-standard","has-post-thumbnail","hentry","category-destacadas","category-interes-general-locales","category-locales","tag-buenos-aires","tag-interes-general","tag-locales","tag-san-pedro"],"aioseo_notices":[],"gutentor_comment":0,"jetpack_featured_media_url":"https:\/\/eldiariodesanpedro.com.ar\/sitio\/wp-content\/uploads\/2017\/05\/vacunacion-perro.jpg","jetpack_shortlink":"https:\/\/wp.me\/p6RhLt-rkt","jetpack_sharing_enabled":true,"_links":{"self":[{"href":"https:\/\/eldiariodesanpedro.com.ar\/sitio\/wp-json\/wp\/v2\/posts\/105057","targetHints":{"allow":["GET"]}}],"collection":[{"href":"https:\/\/eldiariodesanpedro.com.ar\/sitio\/wp-json\/wp\/v2\/posts"}],"about":[{"href":"https:\/\/eldiariodesanpedro.com.ar\/sitio\/wp-json\/wp\/v2\/types\/post"}],"author":[{"embeddable":true,"href":"https:\/\/eldiariodesanpedro.com.ar\/sitio\/wp-json\/wp\/v2\/users\/4"}],"replies":[{"embeddable":true,"href":"https:\/\/eldiariodesanpedro.com.ar\/sitio\/wp-json\/wp\/v2\/comments?post=105057"}],"version-history":[{"count":1,"href":"https:\/\/eldiariodesanpedro.com.ar\/sitio\/wp-json\/wp\/v2\/posts\/105057\/revisions"}],"predecessor-version":[{"id":105058,"href":"https:\/\/eldiariodesanpedro.com.ar\/sitio\/wp-json\/wp\/v2\/posts\/105057\/revisions\/105058"}],"wp:featuredmedia":[{"embeddable":true,"href":"https:\/\/eldiariodesanpedro.com.ar\/sitio\/wp-json\/wp\/v2\/media\/18617"}],"wp:attachment":[{"href":"https:\/\/eldiariodesanpedro.com.ar\/sitio\/wp-json\/wp\/v2\/media?parent=105057"}],"wp:term":[{"taxonomy":"category","embeddable":true,"href":"https:\/\/eldiariodesanpedro.com.ar\/sitio\/wp-json\/wp\/v2\/categories?post=105057"},{"taxonomy":"post_tag","embeddable":true,"href":"https:\/\/eldiariodesanpedro.com.ar\/sitio\/wp-json\/wp\/v2\/tags?post=105057"}],"curies":[{"name":"wp","href":"https:\/\/api.w.org\/{rel}","templated":true}]}}