{"id":105044,"date":"2022-03-16T10:03:26","date_gmt":"2022-03-16T13:03:26","guid":{"rendered":"https:\/\/eldiariodesanpedro.com.ar\/sitio\/?p=105044"},"modified":"2022-03-16T10:03:27","modified_gmt":"2022-03-16T13:03:27","slug":"estamos-en-tu-barrio-exitosa-jornada-del-operativo-de-abordaje-territorial-realizado-en-gobernador-castro","status":"publish","type":"post","link":"https:\/\/eldiariodesanpedro.com.ar\/sitio\/estamos-en-tu-barrio-exitosa-jornada-del-operativo-de-abordaje-territorial-realizado-en-gobernador-castro\/","title":{"rendered":"Estamos en tu barrio: exitosa jornada del operativo de abordaje territorial realizado en Gobernador Castro"},"content":{"rendered":"<!-- VideographyWP Plugin Message: Automatic video embedding prevented by plugin options. -->\n\n<p>Este martes 15 se concret\u00f3 en la plaza San Mart\u00edn de Gobernador Castro la segunda jornada del operativo de abordaje territorial \u00abEstamos en tu barrio\u00bb organizado por la Municipalidad de San Pedro.<\/p>\n\n\n\n<p>Con muy buena concurrencia de vecinos y vecinas, las distintas \u00e1reas del municipio dieron atenci\u00f3n y respuesta a las consultas de la gente que se acerc\u00f3 al lugar para recorrer los puestos en los que las Secretar\u00edas de Desarrollo Econ\u00f3mico; Econom\u00eda y Hacienda; Pol\u00edticas de G\u00e9nero, Mujeres y Diversidad; Turismo y Cultura; Desarrollo Humano y Salud; las direcciones de Deportes; Comisiones de Fomento; Bromatolog\u00eda; el Hospital \u00ab26 de Julio\u00bb y Rentas dispusieron personal para facilitar tramites e informaci\u00f3n a la comunidad. Adem\u00e1s, formaron parte del operativo el Centro de Acceso a la Justicia a cargo de la doctora Guadalupe Fraga, el vacunatorio San Pedro Vacunate y la delegaci\u00f3n local del Ministerio de Trabajo de la Provincia de Buenos Aires que encabeza la Dra. Sof\u00eda Rotundo.<\/p>\n\n\n\n<p>Como resultado de la jornada, la secretar\u00eda de Desarrollo Econ\u00f3mico brind\u00f3 asesoramiento desde la oficina de empleos, asesoramiento a microemprendedores e informaci\u00f3n sobre las l\u00edneas de cr\u00e9ditos existentes; la secretar\u00eda de Pol\u00edticas de G\u00e9nero, Mujeres y Diversidad asisti\u00f3 a mujeres en situaci\u00f3n de violencia de g\u00e9nero; Turismo y Cultura facilit\u00f3 informaci\u00f3n sobre las alternativas tur\u00edsticas, los eventos programados y el potencial de la localidad; Desarrollo Humano ofreci\u00f3 asesoramiento y respuestas a consultas principalmente sobre el \u00e1rea de Discapacidad y la Tarjetas M\u00e1s Vida; la Direcci\u00f3n de Deportes orient\u00f3 respecto de las actividades que se brindar\u00e1n en el marco de las escuelas municipales deportivas que ofrecen softbol, atletismo, b\u00e1squet y hockey; la Direcci\u00f3n de Rentas dispuso la verificaci\u00f3n del estado de las tasas, posibilit\u00f3 regularizar deuda con facilidades de pago, la posibilidad de re empadronarse en el momento y habilitar a los comercios de la localidad que a\u00fan no cuenten con la habilitaci\u00f3n correspondiente.<\/p>\n\n\n\n<p>Adem\u00e1s, la presencia del CAJ permiti\u00f3 a los vecinos y vecinas avanzar en la gesti\u00f3n de los documentos de identidad y el vacunatorio San Pedro Vacunate aplic\u00f3 m\u00e1s de 150 dosis contra la Covid-19.<\/p>\n\n\n\n<p>El intendente Dr. Ram\u00f3n Salazar, el secretario de Gobierno Pablo Vlaeminck y el secretario de Coordinaci\u00f3n Hern\u00e1n Contreras recorrieron la plaza y las distintas \u00e1reas, adem\u00e1s de conversar con los vecinos y vecinas del lugar.<\/p>\n\n\n\n<p>El Dr. Salazar se mostr\u00f3 contento por el desarrollo del operativo y la concurrencia de los vecinos y las vecinas de Gobernador Castro, asegurando que \u201ces muy bueno que el municipio pueda traer los distintos servicios a la localidad\u201d.<\/p>\n\n\n\n<figure class=\"wp-block-image size-full\"><img decoding=\"async\" width=\"945\" height=\"630\" data-attachment-id=\"105045\" data-permalink=\"https:\/\/eldiariodesanpedro.com.ar\/sitio\/estamos-en-tu-barrio-exitosa-jornada-del-operativo-de-abordaje-territorial-realizado-en-gobernador-castro\/whatsapp-image-2022-03-15-at-4-50-05-pm\/\" data-orig-file=\"https:\/\/eldiariodesanpedro.com.ar\/sitio\/wp-content\/uploads\/2022\/03\/WhatsApp-Image-2022-03-15-at-4.50.05-PM.jpeg\" data-orig-size=\"945,630\" data-comments-opened=\"0\" data-image-meta=\"{&quot;aperture&quot;:&quot;0&quot;,&quot;credit&quot;:&quot;&quot;,&quot;camera&quot;:&quot;&quot;,&quot;caption&quot;:&quot;&quot;,&quot;created_timestamp&quot;:&quot;0&quot;,&quot;copyright&quot;:&quot;&quot;,&quot;focal_length&quot;:&quot;0&quot;,&quot;iso&quot;:&quot;0&quot;,&quot;shutter_speed&quot;:&quot;0&quot;,&quot;title&quot;:&quot;&quot;,&quot;orientation&quot;:&quot;0&quot;}\" data-image-title=\"WhatsApp Image 2022-03-15 at 4.50.05 PM\" data-image-description=\"\" data-image-caption=\"\" data-large-file=\"https:\/\/eldiariodesanpedro.com.ar\/sitio\/wp-content\/uploads\/2022\/03\/WhatsApp-Image-2022-03-15-at-4.50.05-PM.jpeg\" data-src=\"https:\/\/eldiariodesanpedro.com.ar\/sitio\/wp-content\/uploads\/2022\/03\/WhatsApp-Image-2022-03-15-at-4.50.05-PM.jpeg\" alt=\"\" class=\"wp-image-105045 lazyload\" data-srcset=\"https:\/\/eldiariodesanpedro.com.ar\/sitio\/wp-content\/uploads\/2022\/03\/WhatsApp-Image-2022-03-15-at-4.50.05-PM.jpeg 945w, https:\/\/eldiariodesanpedro.com.ar\/sitio\/wp-content\/uploads\/2022\/03\/WhatsApp-Image-2022-03-15-at-4.50.05-PM-300x200.jpeg 300w, https:\/\/eldiariodesanpedro.com.ar\/sitio\/wp-content\/uploads\/2022\/03\/WhatsApp-Image-2022-03-15-at-4.50.05-PM-768x512.jpeg 768w\" data-sizes=\"(max-width: 945px) 100vw, 945px\" src=\"data:image\/svg+xml;base64,PHN2ZyB3aWR0aD0iMSIgaGVpZ2h0PSIxIiB4bWxucz0iaHR0cDovL3d3dy53My5vcmcvMjAwMC9zdmciPjwvc3ZnPg==\" style=\"--smush-placeholder-width: 945px; --smush-placeholder-aspect-ratio: 945\/630;\" \/><\/figure>\n\n\n\n<figure class=\"wp-block-image size-full\"><img decoding=\"async\" width=\"945\" height=\"630\" data-attachment-id=\"105046\" data-permalink=\"https:\/\/eldiariodesanpedro.com.ar\/sitio\/estamos-en-tu-barrio-exitosa-jornada-del-operativo-de-abordaje-territorial-realizado-en-gobernador-castro\/whatsapp-image-2022-03-15-at-4-50-13-pm\/\" data-orig-file=\"https:\/\/eldiariodesanpedro.com.ar\/sitio\/wp-content\/uploads\/2022\/03\/WhatsApp-Image-2022-03-15-at-4.50.13-PM.jpeg\" data-orig-size=\"945,630\" data-comments-opened=\"0\" data-image-meta=\"{&quot;aperture&quot;:&quot;0&quot;,&quot;credit&quot;:&quot;&quot;,&quot;camera&quot;:&quot;&quot;,&quot;caption&quot;:&quot;&quot;,&quot;created_timestamp&quot;:&quot;0&quot;,&quot;copyright&quot;:&quot;&quot;,&quot;focal_length&quot;:&quot;0&quot;,&quot;iso&quot;:&quot;0&quot;,&quot;shutter_speed&quot;:&quot;0&quot;,&quot;title&quot;:&quot;&quot;,&quot;orientation&quot;:&quot;0&quot;}\" data-image-title=\"WhatsApp Image 2022-03-15 at 4.50.13 PM\" data-image-description=\"\" data-image-caption=\"\" data-large-file=\"https:\/\/eldiariodesanpedro.com.ar\/sitio\/wp-content\/uploads\/2022\/03\/WhatsApp-Image-2022-03-15-at-4.50.13-PM.jpeg\" data-src=\"https:\/\/eldiariodesanpedro.com.ar\/sitio\/wp-content\/uploads\/2022\/03\/WhatsApp-Image-2022-03-15-at-4.50.13-PM.jpeg\" alt=\"\" class=\"wp-image-105046 lazyload\" data-srcset=\"https:\/\/eldiariodesanpedro.com.ar\/sitio\/wp-content\/uploads\/2022\/03\/WhatsApp-Image-2022-03-15-at-4.50.13-PM.jpeg 945w, https:\/\/eldiariodesanpedro.com.ar\/sitio\/wp-content\/uploads\/2022\/03\/WhatsApp-Image-2022-03-15-at-4.50.13-PM-300x200.jpeg 300w, https:\/\/eldiariodesanpedro.com.ar\/sitio\/wp-content\/uploads\/2022\/03\/WhatsApp-Image-2022-03-15-at-4.50.13-PM-768x512.jpeg 768w\" data-sizes=\"(max-width: 945px) 100vw, 945px\" src=\"data:image\/svg+xml;base64,PHN2ZyB3aWR0aD0iMSIgaGVpZ2h0PSIxIiB4bWxucz0iaHR0cDovL3d3dy53My5vcmcvMjAwMC9zdmciPjwvc3ZnPg==\" style=\"--smush-placeholder-width: 945px; --smush-placeholder-aspect-ratio: 945\/630;\" \/><\/figure>\n\n\n\n<figure class=\"wp-block-image size-full\"><img decoding=\"async\" width=\"916\" height=\"630\" data-attachment-id=\"105047\" data-permalink=\"https:\/\/eldiariodesanpedro.com.ar\/sitio\/estamos-en-tu-barrio-exitosa-jornada-del-operativo-de-abordaje-territorial-realizado-en-gobernador-castro\/whatsapp-image-2022-03-15-at-4-50-14-pm-1\/\" data-orig-file=\"https:\/\/eldiariodesanpedro.com.ar\/sitio\/wp-content\/uploads\/2022\/03\/WhatsApp-Image-2022-03-15-at-4.50.14-PM-1.jpeg\" data-orig-size=\"916,630\" data-comments-opened=\"0\" data-image-meta=\"{&quot;aperture&quot;:&quot;0&quot;,&quot;credit&quot;:&quot;&quot;,&quot;camera&quot;:&quot;&quot;,&quot;caption&quot;:&quot;&quot;,&quot;created_timestamp&quot;:&quot;0&quot;,&quot;copyright&quot;:&quot;&quot;,&quot;focal_length&quot;:&quot;0&quot;,&quot;iso&quot;:&quot;0&quot;,&quot;shutter_speed&quot;:&quot;0&quot;,&quot;title&quot;:&quot;&quot;,&quot;orientation&quot;:&quot;0&quot;}\" data-image-title=\"WhatsApp Image 2022-03-15 at 4.50.14 PM (1)\" data-image-description=\"\" data-image-caption=\"\" data-large-file=\"https:\/\/eldiariodesanpedro.com.ar\/sitio\/wp-content\/uploads\/2022\/03\/WhatsApp-Image-2022-03-15-at-4.50.14-PM-1.jpeg\" data-src=\"https:\/\/eldiariodesanpedro.com.ar\/sitio\/wp-content\/uploads\/2022\/03\/WhatsApp-Image-2022-03-15-at-4.50.14-PM-1.jpeg\" alt=\"\" class=\"wp-image-105047 lazyload\" data-srcset=\"https:\/\/eldiariodesanpedro.com.ar\/sitio\/wp-content\/uploads\/2022\/03\/WhatsApp-Image-2022-03-15-at-4.50.14-PM-1.jpeg 916w, https:\/\/eldiariodesanpedro.com.ar\/sitio\/wp-content\/uploads\/2022\/03\/WhatsApp-Image-2022-03-15-at-4.50.14-PM-1-300x206.jpeg 300w, https:\/\/eldiariodesanpedro.com.ar\/sitio\/wp-content\/uploads\/2022\/03\/WhatsApp-Image-2022-03-15-at-4.50.14-PM-1-768x528.jpeg 768w\" data-sizes=\"(max-width: 916px) 100vw, 916px\" src=\"data:image\/svg+xml;base64,PHN2ZyB3aWR0aD0iMSIgaGVpZ2h0PSIxIiB4bWxucz0iaHR0cDovL3d3dy53My5vcmcvMjAwMC9zdmciPjwvc3ZnPg==\" style=\"--smush-placeholder-width: 916px; --smush-placeholder-aspect-ratio: 916\/630;\" \/><\/figure>\n\n\n\n<figure class=\"wp-block-image size-full\"><img decoding=\"async\" width=\"945\" height=\"630\" data-attachment-id=\"105049\" data-permalink=\"https:\/\/eldiariodesanpedro.com.ar\/sitio\/estamos-en-tu-barrio-exitosa-jornada-del-operativo-de-abordaje-territorial-realizado-en-gobernador-castro\/whatsapp-image-2022-03-15-at-4-50-15-pm\/\" data-orig-file=\"https:\/\/eldiariodesanpedro.com.ar\/sitio\/wp-content\/uploads\/2022\/03\/WhatsApp-Image-2022-03-15-at-4.50.15-PM.jpeg\" data-orig-size=\"945,630\" data-comments-opened=\"0\" data-image-meta=\"{&quot;aperture&quot;:&quot;0&quot;,&quot;credit&quot;:&quot;&quot;,&quot;camera&quot;:&quot;&quot;,&quot;caption&quot;:&quot;&quot;,&quot;created_timestamp&quot;:&quot;0&quot;,&quot;copyright&quot;:&quot;&quot;,&quot;focal_length&quot;:&quot;0&quot;,&quot;iso&quot;:&quot;0&quot;,&quot;shutter_speed&quot;:&quot;0&quot;,&quot;title&quot;:&quot;&quot;,&quot;orientation&quot;:&quot;0&quot;}\" data-image-title=\"WhatsApp Image 2022-03-15 at 4.50.15 PM\" data-image-description=\"\" data-image-caption=\"\" data-large-file=\"https:\/\/eldiariodesanpedro.com.ar\/sitio\/wp-content\/uploads\/2022\/03\/WhatsApp-Image-2022-03-15-at-4.50.15-PM.jpeg\" data-src=\"https:\/\/eldiariodesanpedro.com.ar\/sitio\/wp-content\/uploads\/2022\/03\/WhatsApp-Image-2022-03-15-at-4.50.15-PM.jpeg\" alt=\"\" class=\"wp-image-105049 lazyload\" data-srcset=\"https:\/\/eldiariodesanpedro.com.ar\/sitio\/wp-content\/uploads\/2022\/03\/WhatsApp-Image-2022-03-15-at-4.50.15-PM.jpeg 945w, https:\/\/eldiariodesanpedro.com.ar\/sitio\/wp-content\/uploads\/2022\/03\/WhatsApp-Image-2022-03-15-at-4.50.15-PM-300x200.jpeg 300w, https:\/\/eldiariodesanpedro.com.ar\/sitio\/wp-content\/uploads\/2022\/03\/WhatsApp-Image-2022-03-15-at-4.50.15-PM-768x512.jpeg 768w\" data-sizes=\"(max-width: 945px) 100vw, 945px\" src=\"data:image\/svg+xml;base64,PHN2ZyB3aWR0aD0iMSIgaGVpZ2h0PSIxIiB4bWxucz0iaHR0cDovL3d3dy53My5vcmcvMjAwMC9zdmciPjwvc3ZnPg==\" style=\"--smush-placeholder-width: 945px; --smush-placeholder-aspect-ratio: 945\/630;\" \/><\/figure>\n","protected":false},"excerpt":{"rendered":"<p>Este martes 15 se concret\u00f3 en la plaza San Mart\u00edn de Gobernador Castro la segunda jornada del operativo de abordaje territorial \u00abEstamos en tu barrio\u00bb organizado por la Municipalidad de San Pedro. Con muy buena concurrencia de vecinos y vecinas, las distintas \u00e1reas del municipio dieron atenci\u00f3n y respuesta a las consultas de la gente [&hellip;]<\/p>\n","protected":false},"author":4,"featured_media":105048,"comment_status":"closed","ping_status":"closed","sticky":false,"template":"","format":"standard","meta":{"om_disable_all_campaigns":false,"_jetpack_memberships_contains_paid_content":false,"footnotes":""},"categories":[50,101,2],"tags":[197,696,33,19],"class_list":["post-105044","post","type-post","status-publish","format-standard","has-post-thumbnail","hentry","category-destacadas","category-interes-general-locales","category-locales","tag-buenos-aires","tag-interes-general","tag-locales","tag-san-pedro"],"aioseo_notices":[],"gutentor_comment":0,"jetpack_featured_media_url":"https:\/\/eldiariodesanpedro.com.ar\/sitio\/wp-content\/uploads\/2022\/03\/WhatsApp-Image-2022-03-15-at-4.50.14-PM.jpeg","jetpack_shortlink":"https:\/\/wp.me\/p6RhLt-rkg","jetpack_sharing_enabled":true,"_links":{"self":[{"href":"https:\/\/eldiariodesanpedro.com.ar\/sitio\/wp-json\/wp\/v2\/posts\/105044","targetHints":{"allow":["GET"]}}],"collection":[{"href":"https:\/\/eldiariodesanpedro.com.ar\/sitio\/wp-json\/wp\/v2\/posts"}],"about":[{"href":"https:\/\/eldiariodesanpedro.com.ar\/sitio\/wp-json\/wp\/v2\/types\/post"}],"author":[{"embeddable":true,"href":"https:\/\/eldiariodesanpedro.com.ar\/sitio\/wp-json\/wp\/v2\/users\/4"}],"replies":[{"embeddable":true,"href":"https:\/\/eldiariodesanpedro.com.ar\/sitio\/wp-json\/wp\/v2\/comments?post=105044"}],"version-history":[{"count":1,"href":"https:\/\/eldiariodesanpedro.com.ar\/sitio\/wp-json\/wp\/v2\/posts\/105044\/revisions"}],"predecessor-version":[{"id":105050,"href":"https:\/\/eldiariodesanpedro.com.ar\/sitio\/wp-json\/wp\/v2\/posts\/105044\/revisions\/105050"}],"wp:featuredmedia":[{"embeddable":true,"href":"https:\/\/eldiariodesanpedro.com.ar\/sitio\/wp-json\/wp\/v2\/media\/105048"}],"wp:attachment":[{"href":"https:\/\/eldiariodesanpedro.com.ar\/sitio\/wp-json\/wp\/v2\/media?parent=105044"}],"wp:term":[{"taxonomy":"category","embeddable":true,"href":"https:\/\/eldiariodesanpedro.com.ar\/sitio\/wp-json\/wp\/v2\/categories?post=105044"},{"taxonomy":"post_tag","embeddable":true,"href":"https:\/\/eldiariodesanpedro.com.ar\/sitio\/wp-json\/wp\/v2\/tags?post=105044"}],"curies":[{"name":"wp","href":"https:\/\/api.w.org\/{rel}","templated":true}]}}