{"id":105038,"date":"2022-03-16T09:39:53","date_gmt":"2022-03-16T12:39:53","guid":{"rendered":"https:\/\/eldiariodesanpedro.com.ar\/sitio\/?p=105038"},"modified":"2022-03-16T09:40:26","modified_gmt":"2022-03-16T12:40:26","slug":"coopser-informa-un-corte-del-servicio-electrico-para-hoy","status":"publish","type":"post","link":"https:\/\/eldiariodesanpedro.com.ar\/sitio\/coopser-informa-un-corte-del-servicio-electrico-para-hoy\/","title":{"rendered":"Coopser informa un corte del servicio el\u00e9ctrico para hoy"},"content":{"rendered":"<!-- VideographyWP Plugin Message: Automatic video embedding prevented by plugin options. -->\n\n<p>COOPSER informa que&nbsp;<strong>HOY mi\u00e9rcoles 16 de marzo entre las 8 y las 11<\/strong>&nbsp;aproximadamente, se cumplir\u00e1 con un corte programado para tareas de mantenimiento y poda sobre redes el\u00e9ctricas, en Avenida 3 de febrero entre 58 y callej\u00f3n Esteve.<\/p>\n\n\n\n<p><em>Las zonas afectadas ser\u00e1n:<\/em><br>Crucero Gral. Belgrano desde calle Independencia a calle San Mart\u00edn. &nbsp;<\/p>\n\n\n\n<p>San Mart\u00edn desde Crucero General Belgrano hasta su finalizaci\u00f3n incluyendo zonas de Bajo Cementerio y Barrio Arcor<\/p>\n\n\n\n<p>Avenida 3 de febrero desde el 2.700 hasta el 3.800 y zonas aleda\u00f1as.<\/p>\n","protected":false},"excerpt":{"rendered":"<p>COOPSER informa que&nbsp;HOY mi\u00e9rcoles 16 de marzo entre las 8 y las 11&nbsp;aproximadamente, se cumplir\u00e1 con un corte programado para tareas de mantenimiento y poda sobre redes el\u00e9ctricas, en Avenida 3 de febrero entre 58 y callej\u00f3n Esteve. Las zonas afectadas ser\u00e1n:Crucero Gral. Belgrano desde calle Independencia a calle San Mart\u00edn. &nbsp; San Mart\u00edn desde [&hellip;]<\/p>\n","protected":false},"author":4,"featured_media":68312,"comment_status":"closed","ping_status":"closed","sticky":false,"template":"","format":"standard","meta":{"om_disable_all_campaigns":false,"_jetpack_memberships_contains_paid_content":false,"footnotes":""},"categories":[50,101,2],"tags":[197,696,33,19],"class_list":["post-105038","post","type-post","status-publish","format-standard","has-post-thumbnail","hentry","category-destacadas","category-interes-general-locales","category-locales","tag-buenos-aires","tag-interes-general","tag-locales","tag-san-pedro"],"aioseo_notices":[],"gutentor_comment":0,"jetpack_featured_media_url":"https:\/\/eldiariodesanpedro.com.ar\/sitio\/wp-content\/uploads\/2020\/02\/coopser1.png","jetpack_shortlink":"https:\/\/wp.me\/p6RhLt-rka","jetpack_sharing_enabled":true,"_links":{"self":[{"href":"https:\/\/eldiariodesanpedro.com.ar\/sitio\/wp-json\/wp\/v2\/posts\/105038","targetHints":{"allow":["GET"]}}],"collection":[{"href":"https:\/\/eldiariodesanpedro.com.ar\/sitio\/wp-json\/wp\/v2\/posts"}],"about":[{"href":"https:\/\/eldiariodesanpedro.com.ar\/sitio\/wp-json\/wp\/v2\/types\/post"}],"author":[{"embeddable":true,"href":"https:\/\/eldiariodesanpedro.com.ar\/sitio\/wp-json\/wp\/v2\/users\/4"}],"replies":[{"embeddable":true,"href":"https:\/\/eldiariodesanpedro.com.ar\/sitio\/wp-json\/wp\/v2\/comments?post=105038"}],"version-history":[{"count":2,"href":"https:\/\/eldiariodesanpedro.com.ar\/sitio\/wp-json\/wp\/v2\/posts\/105038\/revisions"}],"predecessor-version":[{"id":105040,"href":"https:\/\/eldiariodesanpedro.com.ar\/sitio\/wp-json\/wp\/v2\/posts\/105038\/revisions\/105040"}],"wp:featuredmedia":[{"embeddable":true,"href":"https:\/\/eldiariodesanpedro.com.ar\/sitio\/wp-json\/wp\/v2\/media\/68312"}],"wp:attachment":[{"href":"https:\/\/eldiariodesanpedro.com.ar\/sitio\/wp-json\/wp\/v2\/media?parent=105038"}],"wp:term":[{"taxonomy":"category","embeddable":true,"href":"https:\/\/eldiariodesanpedro.com.ar\/sitio\/wp-json\/wp\/v2\/categories?post=105038"},{"taxonomy":"post_tag","embeddable":true,"href":"https:\/\/eldiariodesanpedro.com.ar\/sitio\/wp-json\/wp\/v2\/tags?post=105038"}],"curies":[{"name":"wp","href":"https:\/\/api.w.org\/{rel}","templated":true}]}}