{"id":105032,"date":"2022-03-15T12:57:29","date_gmt":"2022-03-15T15:57:29","guid":{"rendered":"https:\/\/eldiariodesanpedro.com.ar\/sitio\/?p=105032"},"modified":"2022-03-15T14:44:29","modified_gmt":"2022-03-15T17:44:29","slug":"inicio-de-temporada-de-empaque-de-fruta-magnifresh-srl","status":"publish","type":"post","link":"https:\/\/eldiariodesanpedro.com.ar\/sitio\/inicio-de-temporada-de-empaque-de-fruta-magnifresh-srl\/","title":{"rendered":"Inicio de temporada de empaque de fruta Magnifresh S.A."},"content":{"rendered":"<!-- VideographyWP Plugin Message: Automatic video embedding prevented by plugin options. -->\n\n<p>MAGNIFRESH S.A.<\/p>\n\n\n\n<p>La empresa notifica por este medio a todo el personal que a partir del d\u00eda 18\/04\/2022 comienza su v\u00ednculo laboral con la empresa con motivo del inicio de la temporada de empaque de fruta c\u00edtrica del per\u00edodo 2022 y hasta la finalizaci\u00f3n de la misma. Se notifica el inicio de la misma dando cumplimiento con lo determinado en la ley 20.744.<\/p>\n","protected":false},"excerpt":{"rendered":"<p>MAGNIFRESH S.A. La empresa notifica por este medio a todo el personal que a partir del d\u00eda 18\/04\/2022 comienza su v\u00ednculo laboral con la empresa con motivo del inicio de la temporada de empaque de fruta c\u00edtrica del per\u00edodo 2022 y hasta la finalizaci\u00f3n de la misma. Se notifica el inicio de la misma dando [&hellip;]<\/p>\n","protected":false},"author":4,"featured_media":81788,"comment_status":"closed","ping_status":"closed","sticky":false,"template":"","format":"standard","meta":{"om_disable_all_campaigns":false,"_jetpack_memberships_contains_paid_content":false,"footnotes":""},"categories":[678,676],"tags":[197,1121,1355,19],"class_list":["post-105032","post","type-post","status-publish","format-standard","has-post-thumbnail","hentry","category-convocatorias","category-edictos","tag-buenos-aires","tag-edicto","tag-judiciales","tag-san-pedro"],"aioseo_notices":[],"gutentor_comment":0,"jetpack_featured_media_url":"https:\/\/eldiariodesanpedro.com.ar\/sitio\/wp-content\/uploads\/2020\/10\/Magnifresh-SA.jpg","jetpack_shortlink":"https:\/\/wp.me\/p6RhLt-rk4","jetpack_sharing_enabled":true,"_links":{"self":[{"href":"https:\/\/eldiariodesanpedro.com.ar\/sitio\/wp-json\/wp\/v2\/posts\/105032","targetHints":{"allow":["GET"]}}],"collection":[{"href":"https:\/\/eldiariodesanpedro.com.ar\/sitio\/wp-json\/wp\/v2\/posts"}],"about":[{"href":"https:\/\/eldiariodesanpedro.com.ar\/sitio\/wp-json\/wp\/v2\/types\/post"}],"author":[{"embeddable":true,"href":"https:\/\/eldiariodesanpedro.com.ar\/sitio\/wp-json\/wp\/v2\/users\/4"}],"replies":[{"embeddable":true,"href":"https:\/\/eldiariodesanpedro.com.ar\/sitio\/wp-json\/wp\/v2\/comments?post=105032"}],"version-history":[{"count":2,"href":"https:\/\/eldiariodesanpedro.com.ar\/sitio\/wp-json\/wp\/v2\/posts\/105032\/revisions"}],"predecessor-version":[{"id":105034,"href":"https:\/\/eldiariodesanpedro.com.ar\/sitio\/wp-json\/wp\/v2\/posts\/105032\/revisions\/105034"}],"wp:featuredmedia":[{"embeddable":true,"href":"https:\/\/eldiariodesanpedro.com.ar\/sitio\/wp-json\/wp\/v2\/media\/81788"}],"wp:attachment":[{"href":"https:\/\/eldiariodesanpedro.com.ar\/sitio\/wp-json\/wp\/v2\/media?parent=105032"}],"wp:term":[{"taxonomy":"category","embeddable":true,"href":"https:\/\/eldiariodesanpedro.com.ar\/sitio\/wp-json\/wp\/v2\/categories?post=105032"},{"taxonomy":"post_tag","embeddable":true,"href":"https:\/\/eldiariodesanpedro.com.ar\/sitio\/wp-json\/wp\/v2\/tags?post=105032"}],"curies":[{"name":"wp","href":"https:\/\/api.w.org\/{rel}","templated":true}]}}