{"id":10503,"date":"2016-11-21T19:03:15","date_gmt":"2016-11-21T22:03:15","guid":{"rendered":"https:\/\/eldiariodesanpedro.com.ar\/sitio\/?p=10503"},"modified":"2016-11-21T19:03:15","modified_gmt":"2016-11-21T22:03:15","slug":"san-nicolas-piden-a-la-justicia-que-investigue-supuestas-irregularidades-en-la-compra-de-los-terrenos-que-se-van-a-disponer-para-el-autodromo-y-expoagro","status":"publish","type":"post","link":"https:\/\/eldiariodesanpedro.com.ar\/sitio\/san-nicolas-piden-a-la-justicia-que-investigue-supuestas-irregularidades-en-la-compra-de-los-terrenos-que-se-van-a-disponer-para-el-autodromo-y-expoagro\/","title":{"rendered":"SAN NICOL\u00c1S: Piden a la Justicia que investigue supuestas irregularidades en la compra de los terrenos que se van a disponer para el Aut\u00f3dromo y Expoagro"},"content":{"rendered":"<p><!-- VideographyWP Plugin Message: Automatic video embedding prevented by plugin options. --><br \/>\nLa justicia investiga supuestas irregularidades en la compra de tierras a una particular, que se van a disponer para el Aut\u00f3dromo y la Expoagro. De comprobarse alguna anomal\u00eda, pueden iniciarse acciones penales contra la gesti\u00f3n que encabeza el intendente Ismael Passaglia en San Nicol\u00e1s.<\/p>\n<p>Al respecto, el concejal massista, Jos\u00e9 Corral, explic\u00f3 que \u201cexiste una denuncia de parte de una vecina que ha recibido llamados telef\u00f3nicos donde cierta persona supuestamente la citaba al Concejo Deliberante, por eso intervenimos para que se investigue, para firmar supuestos papeles por unos terrenos\u201d.<\/p>\n<p>Asimismo, el integrante del bloque del Frente Renovador ratific\u00f3 que \u201cla presidencia del Concejo Deliberante radica la denuncia formal en Fiscal\u00eda y ah\u00ed toma intervenci\u00f3n la la UFI N\u00b0 4 de San Nicol\u00e1s para investigar el hecho\u201d.<\/p>\n<p>Cabe recordar que el diputado provincial del FPV, Andr\u00e9s Quinteros, ya hab\u00eda denunciado supuestas irregularidades de parte de la gesti\u00f3n Passaglia en la compra de dichos terrenos.<\/p>\n","protected":false},"excerpt":{"rendered":"<p>La justicia investiga supuestas irregularidades en la compra de tierras a una particular, que se van a disponer para el Aut\u00f3dromo y la Expoagro. De comprobarse alguna anomal\u00eda, pueden iniciarse acciones penales contra la gesti\u00f3n que encabeza el intendente Ismael Passaglia en San Nicol\u00e1s. Al respecto, el concejal massista, Jos\u00e9 Corral, explic\u00f3 que \u201cexiste una [&hellip;]<\/p>\n","protected":false},"author":4,"featured_media":10504,"comment_status":"open","ping_status":"closed","sticky":false,"template":"","format":"standard","meta":{"om_disable_all_campaigns":false,"_jetpack_memberships_contains_paid_content":false,"footnotes":""},"categories":[621],"tags":[],"class_list":["post-10503","post","type-post","status-publish","format-standard","has-post-thumbnail","hentry","category-regionales"],"aioseo_notices":[],"gutentor_comment":0,"jetpack_featured_media_url":"https:\/\/eldiariodesanpedro.com.ar\/sitio\/wp-content\/uploads\/2016\/11\/passaglia.jpg","jetpack_shortlink":"https:\/\/wp.me\/p6RhLt-2Jp","jetpack_sharing_enabled":true,"_links":{"self":[{"href":"https:\/\/eldiariodesanpedro.com.ar\/sitio\/wp-json\/wp\/v2\/posts\/10503","targetHints":{"allow":["GET"]}}],"collection":[{"href":"https:\/\/eldiariodesanpedro.com.ar\/sitio\/wp-json\/wp\/v2\/posts"}],"about":[{"href":"https:\/\/eldiariodesanpedro.com.ar\/sitio\/wp-json\/wp\/v2\/types\/post"}],"author":[{"embeddable":true,"href":"https:\/\/eldiariodesanpedro.com.ar\/sitio\/wp-json\/wp\/v2\/users\/4"}],"replies":[{"embeddable":true,"href":"https:\/\/eldiariodesanpedro.com.ar\/sitio\/wp-json\/wp\/v2\/comments?post=10503"}],"version-history":[{"count":1,"href":"https:\/\/eldiariodesanpedro.com.ar\/sitio\/wp-json\/wp\/v2\/posts\/10503\/revisions"}],"predecessor-version":[{"id":10505,"href":"https:\/\/eldiariodesanpedro.com.ar\/sitio\/wp-json\/wp\/v2\/posts\/10503\/revisions\/10505"}],"wp:featuredmedia":[{"embeddable":true,"href":"https:\/\/eldiariodesanpedro.com.ar\/sitio\/wp-json\/wp\/v2\/media\/10504"}],"wp:attachment":[{"href":"https:\/\/eldiariodesanpedro.com.ar\/sitio\/wp-json\/wp\/v2\/media?parent=10503"}],"wp:term":[{"taxonomy":"category","embeddable":true,"href":"https:\/\/eldiariodesanpedro.com.ar\/sitio\/wp-json\/wp\/v2\/categories?post=10503"},{"taxonomy":"post_tag","embeddable":true,"href":"https:\/\/eldiariodesanpedro.com.ar\/sitio\/wp-json\/wp\/v2\/tags?post=10503"}],"curies":[{"name":"wp","href":"https:\/\/api.w.org\/{rel}","templated":true}]}}