{"id":105026,"date":"2022-03-14T17:26:19","date_gmt":"2022-03-14T20:26:19","guid":{"rendered":"https:\/\/eldiariodesanpedro.com.ar\/sitio\/?p=105026"},"modified":"2022-03-14T17:55:40","modified_gmt":"2022-03-14T20:55:40","slug":"tremenda-pelea-registrada-a-la-salida-de-los-boliches-que-provocaran-cambios-como-el-cierre-de-lo-pancheros","status":"publish","type":"post","link":"https:\/\/eldiariodesanpedro.com.ar\/sitio\/tremenda-pelea-registrada-a-la-salida-de-los-boliches-que-provocaran-cambios-como-el-cierre-de-lo-pancheros\/","title":{"rendered":"Tremenda pelea registrada a la salida de los boliches que provocar\u00e1n cambios como el cierre de los pancheros\u00a0"},"content":{"rendered":"<!-- VideographyWP Plugin Message: Automatic video embedding prevented by plugin options. -->\n\n<p>Este domingo por la madrugada tras la salida de los boliches ocurri\u00f3 una gran pelea donde hubo muchos j\u00f3venes que se golpearon, hasta hubo disparos por parte de la polic\u00eda para poder disolver la escaramuza.<\/p>\n\n\n\n<p>Este hecho ocurri\u00f3 pasadas las 5:30 hs en la esquina de Pellegrini y Obligado donde un grupo de j\u00f3venes comenzaron una pelea con una importante presencia de j\u00f3venes viendo como se golpeaban.<\/p>\n\n\n\n<p>Debido a la disputa inspecci\u00f3n tuvo que cortar calle Pellegrini ya que los inadaptados se trenzaron en plena boca calle.<\/p>\n\n\n\n<p>Minutos despu\u00e9s se hace presente la polic\u00eda que con disparos de bala de goma al aire lograron dispersar a los j\u00f3venes.<\/p>\n\n\n\n<p>Todo qued\u00f3 registrado por un joven quien lo sub\u00ed a la red social twitter donde se hizo viral, y se puede escuchar los comentarios de estos j\u00f3venes festejando y alentando a la disputa, y la filmaci\u00f3n del video.<\/p>\n\n\n\n<p>Debido a este problemas y otros que ya ven\u00edan sucediendo otros fines de semana atr\u00e1s la Secretar\u00eda de Seguridad dirigida por Diego Solanas tomar\u00e1 medidas que podr\u00edan llegar a ser el cierre escalonado de los boliches y adem\u00e1s el cese de los comercios de comidas media hora antes del final de los locales bailables incluyendo los pancheros como est\u00e1 estipulado por ley y no se estaba implementando. <\/p>\n\n\n\n<p>La medida de los comercios de comida es por que al salir de las discotecas los jovenes se amonton en esos lugares, la mayoria de ellos alcoholizados.<\/p>\n\n\n\n<p>La noche sampedrina en los \u00faltimos tiempos se encuentra mi agresiva hasta el punto que unas semanas atr\u00e1s un joven le cort\u00f3 el cuello a otro en la plaza Belgrano poniendo en riesgo su vida, y otro apu\u00f1al\u00f3 a un joven tras una pelea dentro del local fabro, entre otros incidentes.<\/p>\n\n\n\n<p>Por todo estos problemas se analizan las medidas a implementar y en los proximos dias Solanas se reunira con los due\u00f1os de las discotecas y bares.<\/p>\n\n\n\n<iframe data-src=\"https:\/\/www.facebook.com\/plugins\/video.php?height=314&#038;href=https%3A%2F%2Fwww.facebook.com%2Fdiariosp2%2Fvideos%2F1303007530188690%2F&#038;show_text=false&#038;width=560&#038;t=0\" width=\"560\" height=\"314\" style=\"border:none;overflow:hidden\" scrolling=\"no\" frameborder=\"0\" allowfullscreen=\"true\" allow=\"autoplay; clipboard-write; encrypted-media; picture-in-picture; web-share\" allowFullScreen=\"true\" src=\"data:image\/svg+xml;base64,PHN2ZyB3aWR0aD0iMSIgaGVpZ2h0PSIxIiB4bWxucz0iaHR0cDovL3d3dy53My5vcmcvMjAwMC9zdmciPjwvc3ZnPg==\" class=\"lazyload\" data-load-mode=\"1\"><\/iframe>\n","protected":false},"excerpt":{"rendered":"<p>Este domingo por la madrugada tras la salida de los boliches ocurri\u00f3 una gran pelea donde hubo muchos j\u00f3venes que se golpearon, hasta hubo disparos por parte de la polic\u00eda para poder disolver la escaramuza. Este hecho ocurri\u00f3 pasadas las 5:30 hs en la esquina de Pellegrini y Obligado donde un grupo de j\u00f3venes comenzaron [&hellip;]<\/p>\n","protected":false},"author":4,"featured_media":105027,"comment_status":"closed","ping_status":"closed","sticky":false,"template":"","format":"standard","meta":{"om_disable_all_campaigns":false,"_jetpack_memberships_contains_paid_content":false,"footnotes":""},"categories":[50,2,103],"tags":[197,696,33,95,19],"class_list":["post-105026","post","type-post","status-publish","format-standard","has-post-thumbnail","hentry","category-destacadas","category-locales","category-policiales-locales","tag-buenos-aires","tag-interes-general","tag-locales","tag-policiales","tag-san-pedro"],"aioseo_notices":[],"gutentor_comment":0,"jetpack_featured_media_url":"https:\/\/eldiariodesanpedro.com.ar\/sitio\/wp-content\/uploads\/2022\/03\/medida-4.jpg","jetpack_shortlink":"https:\/\/wp.me\/p6RhLt-rjY","jetpack_sharing_enabled":true,"_links":{"self":[{"href":"https:\/\/eldiariodesanpedro.com.ar\/sitio\/wp-json\/wp\/v2\/posts\/105026","targetHints":{"allow":["GET"]}}],"collection":[{"href":"https:\/\/eldiariodesanpedro.com.ar\/sitio\/wp-json\/wp\/v2\/posts"}],"about":[{"href":"https:\/\/eldiariodesanpedro.com.ar\/sitio\/wp-json\/wp\/v2\/types\/post"}],"author":[{"embeddable":true,"href":"https:\/\/eldiariodesanpedro.com.ar\/sitio\/wp-json\/wp\/v2\/users\/4"}],"replies":[{"embeddable":true,"href":"https:\/\/eldiariodesanpedro.com.ar\/sitio\/wp-json\/wp\/v2\/comments?post=105026"}],"version-history":[{"count":3,"href":"https:\/\/eldiariodesanpedro.com.ar\/sitio\/wp-json\/wp\/v2\/posts\/105026\/revisions"}],"predecessor-version":[{"id":105031,"href":"https:\/\/eldiariodesanpedro.com.ar\/sitio\/wp-json\/wp\/v2\/posts\/105026\/revisions\/105031"}],"wp:featuredmedia":[{"embeddable":true,"href":"https:\/\/eldiariodesanpedro.com.ar\/sitio\/wp-json\/wp\/v2\/media\/105027"}],"wp:attachment":[{"href":"https:\/\/eldiariodesanpedro.com.ar\/sitio\/wp-json\/wp\/v2\/media?parent=105026"}],"wp:term":[{"taxonomy":"category","embeddable":true,"href":"https:\/\/eldiariodesanpedro.com.ar\/sitio\/wp-json\/wp\/v2\/categories?post=105026"},{"taxonomy":"post_tag","embeddable":true,"href":"https:\/\/eldiariodesanpedro.com.ar\/sitio\/wp-json\/wp\/v2\/tags?post=105026"}],"curies":[{"name":"wp","href":"https:\/\/api.w.org\/{rel}","templated":true}]}}