{"id":105015,"date":"2022-03-14T14:23:25","date_gmt":"2022-03-14T17:23:25","guid":{"rendered":"https:\/\/eldiariodesanpedro.com.ar\/sitio\/?p=105015"},"modified":"2022-03-14T14:23:26","modified_gmt":"2022-03-14T17:23:26","slug":"el-intendente-recibio-al-superintendente-policial-de-la-region-jorge-monfort","status":"publish","type":"post","link":"https:\/\/eldiariodesanpedro.com.ar\/sitio\/el-intendente-recibio-al-superintendente-policial-de-la-region-jorge-monfort\/","title":{"rendered":"El Intendente recibi\u00f3 al superintendente Policial de la Regi\u00f3n Jorge Monfort"},"content":{"rendered":"<!-- VideographyWP Plugin Message: Automatic video embedding prevented by plugin options. -->\n\n<p>Esta ma\u00f1ana el Intendente Dr. Ram\u00f3n Salazar recibi\u00f3 en su despacho junto al secretario de Gobierno Pablo Vlaeminck y el secretario de Seguridad Diego Solana, al Superintendente Policial de la Regi\u00f3n Jorge Monfort acompa\u00f1ado del Jefe de la Polic\u00eda Comunal Juan Catalano para abordar temas relacionados a la seguridad.<\/p>\n\n\n\n<p>El Comisario Mayor Monfor tiene a su cargo los distritos de la regi\u00f3n norte y ha venido siguiendo las diferentes gestiones realizadas desde el gobierno local, especialmente en los \u00faltimos meses.<\/p>\n\n\n\n<p>En el encuentro se hizo una actualizaci\u00f3n de la situaci\u00f3n general, tanto en la seguridad urbana como rural y desde el equipo del Dr. Salazar se expusieron algunas de las necesidades m\u00e1s urgentes que surgen para contar con mayores recursos que permitan incrementar los patrullajes.<\/p>\n\n\n\n<p>El gobierno de la Provincia de Buenos Aires y el Ministerio de Seguridad han recibido estas inquietudes y se sigue trabajando para un fortalecimiento de la infraestructura con la que cuenta la polic\u00eda en nuestro distrito, con el permanente apoyo del gobierno municipal.<\/p>\n\n\n\n<figure class=\"wp-block-image size-full\"><img decoding=\"async\" width=\"840\" height=\"630\" data-attachment-id=\"105017\" data-permalink=\"https:\/\/eldiariodesanpedro.com.ar\/sitio\/el-intendente-recibio-al-superintendente-policial-de-la-region-jorge-monfort\/whatsapp-image-2022-03-14-at-1-50-39-pm\/\" data-orig-file=\"https:\/\/eldiariodesanpedro.com.ar\/sitio\/wp-content\/uploads\/2022\/03\/WhatsApp-Image-2022-03-14-at-1.50.39-PM.jpeg\" data-orig-size=\"840,630\" data-comments-opened=\"0\" data-image-meta=\"{&quot;aperture&quot;:&quot;0&quot;,&quot;credit&quot;:&quot;&quot;,&quot;camera&quot;:&quot;&quot;,&quot;caption&quot;:&quot;&quot;,&quot;created_timestamp&quot;:&quot;0&quot;,&quot;copyright&quot;:&quot;&quot;,&quot;focal_length&quot;:&quot;0&quot;,&quot;iso&quot;:&quot;0&quot;,&quot;shutter_speed&quot;:&quot;0&quot;,&quot;title&quot;:&quot;&quot;,&quot;orientation&quot;:&quot;0&quot;}\" data-image-title=\"WhatsApp Image 2022-03-14 at 1.50.39 PM\" data-image-description=\"\" data-image-caption=\"\" data-large-file=\"https:\/\/eldiariodesanpedro.com.ar\/sitio\/wp-content\/uploads\/2022\/03\/WhatsApp-Image-2022-03-14-at-1.50.39-PM.jpeg\" data-src=\"https:\/\/eldiariodesanpedro.com.ar\/sitio\/wp-content\/uploads\/2022\/03\/WhatsApp-Image-2022-03-14-at-1.50.39-PM.jpeg\" alt=\"\" class=\"wp-image-105017 lazyload\" data-srcset=\"https:\/\/eldiariodesanpedro.com.ar\/sitio\/wp-content\/uploads\/2022\/03\/WhatsApp-Image-2022-03-14-at-1.50.39-PM.jpeg 840w, https:\/\/eldiariodesanpedro.com.ar\/sitio\/wp-content\/uploads\/2022\/03\/WhatsApp-Image-2022-03-14-at-1.50.39-PM-300x225.jpeg 300w, https:\/\/eldiariodesanpedro.com.ar\/sitio\/wp-content\/uploads\/2022\/03\/WhatsApp-Image-2022-03-14-at-1.50.39-PM-768x576.jpeg 768w\" data-sizes=\"(max-width: 840px) 100vw, 840px\" src=\"data:image\/svg+xml;base64,PHN2ZyB3aWR0aD0iMSIgaGVpZ2h0PSIxIiB4bWxucz0iaHR0cDovL3d3dy53My5vcmcvMjAwMC9zdmciPjwvc3ZnPg==\" style=\"--smush-placeholder-width: 840px; --smush-placeholder-aspect-ratio: 840\/630;\" \/><\/figure>\n","protected":false},"excerpt":{"rendered":"<p>Esta ma\u00f1ana el Intendente Dr. Ram\u00f3n Salazar recibi\u00f3 en su despacho junto al secretario de Gobierno Pablo Vlaeminck y el secretario de Seguridad Diego Solana, al Superintendente Policial de la Regi\u00f3n Jorge Monfort acompa\u00f1ado del Jefe de la Polic\u00eda Comunal Juan Catalano para abordar temas relacionados a la seguridad. El Comisario Mayor Monfor tiene a [&hellip;]<\/p>\n","protected":false},"author":4,"featured_media":105016,"comment_status":"closed","ping_status":"closed","sticky":false,"template":"","format":"standard","meta":{"om_disable_all_campaigns":false,"_jetpack_memberships_contains_paid_content":false,"footnotes":""},"categories":[50,101,2],"tags":[197,696,33,19],"class_list":["post-105015","post","type-post","status-publish","format-standard","has-post-thumbnail","hentry","category-destacadas","category-interes-general-locales","category-locales","tag-buenos-aires","tag-interes-general","tag-locales","tag-san-pedro"],"aioseo_notices":[],"gutentor_comment":0,"jetpack_featured_media_url":"https:\/\/eldiariodesanpedro.com.ar\/sitio\/wp-content\/uploads\/2022\/03\/WhatsApp-Image-2022-03-14-at-1.50.38-PM.jpeg","jetpack_shortlink":"https:\/\/wp.me\/p6RhLt-rjN","jetpack_sharing_enabled":true,"_links":{"self":[{"href":"https:\/\/eldiariodesanpedro.com.ar\/sitio\/wp-json\/wp\/v2\/posts\/105015","targetHints":{"allow":["GET"]}}],"collection":[{"href":"https:\/\/eldiariodesanpedro.com.ar\/sitio\/wp-json\/wp\/v2\/posts"}],"about":[{"href":"https:\/\/eldiariodesanpedro.com.ar\/sitio\/wp-json\/wp\/v2\/types\/post"}],"author":[{"embeddable":true,"href":"https:\/\/eldiariodesanpedro.com.ar\/sitio\/wp-json\/wp\/v2\/users\/4"}],"replies":[{"embeddable":true,"href":"https:\/\/eldiariodesanpedro.com.ar\/sitio\/wp-json\/wp\/v2\/comments?post=105015"}],"version-history":[{"count":1,"href":"https:\/\/eldiariodesanpedro.com.ar\/sitio\/wp-json\/wp\/v2\/posts\/105015\/revisions"}],"predecessor-version":[{"id":105018,"href":"https:\/\/eldiariodesanpedro.com.ar\/sitio\/wp-json\/wp\/v2\/posts\/105015\/revisions\/105018"}],"wp:featuredmedia":[{"embeddable":true,"href":"https:\/\/eldiariodesanpedro.com.ar\/sitio\/wp-json\/wp\/v2\/media\/105016"}],"wp:attachment":[{"href":"https:\/\/eldiariodesanpedro.com.ar\/sitio\/wp-json\/wp\/v2\/media?parent=105015"}],"wp:term":[{"taxonomy":"category","embeddable":true,"href":"https:\/\/eldiariodesanpedro.com.ar\/sitio\/wp-json\/wp\/v2\/categories?post=105015"},{"taxonomy":"post_tag","embeddable":true,"href":"https:\/\/eldiariodesanpedro.com.ar\/sitio\/wp-json\/wp\/v2\/tags?post=105015"}],"curies":[{"name":"wp","href":"https:\/\/api.w.org\/{rel}","templated":true}]}}