{"id":105010,"date":"2022-03-14T14:18:53","date_gmt":"2022-03-14T17:18:53","guid":{"rendered":"https:\/\/eldiariodesanpedro.com.ar\/sitio\/?p=105010"},"modified":"2022-03-14T14:18:53","modified_gmt":"2022-03-14T17:18:53","slug":"fiesta-125-aniversario-de-vuelta-de-obligado","status":"publish","type":"post","link":"https:\/\/eldiariodesanpedro.com.ar\/sitio\/fiesta-125-aniversario-de-vuelta-de-obligado\/","title":{"rendered":"Fiesta 125\u00b0 Aniversario de Vuelta de Obligado"},"content":{"rendered":"<!-- VideographyWP Plugin Message: Automatic video embedding prevented by plugin options. -->\n\n<p>Se acerca un nuevo aniversario de la hist\u00f3rica localidad y comienzan a realizar los preparativos para la celebraci\u00f3n que se realizar\u00e1 el s\u00e1bado 19 de marzo en Plaza Santiago Moreira de Vuelta de Obligado.<\/p>\n\n\n\n<p>La jornada comenzar\u00e1 a las 18.00 con el desfile de los centros tradicionalistas por las calles de la localidad. Se recitar\u00e1 una rese\u00f1a sobre los comienzos y el presente de Vuelta de Obligado a Cargo de Nahuel Iparraguirre, habr\u00e1 Pe\u00f1a, baile y la presentaci\u00f3n de artistas en vivo.<\/p>\n\n\n\n<p>El evento contar\u00e1 con servicio de cantina a beneficio de la escuela N\u00b0 15 \u201cJuan B. Thorne\u201d y del Jard\u00edn N\u00b0912 \u201cPetrona Simonino\u201d.<\/p>\n\n\n\n<figure class=\"wp-block-image size-full\"><img decoding=\"async\" width=\"630\" height=\"630\" data-attachment-id=\"105013\" data-permalink=\"https:\/\/eldiariodesanpedro.com.ar\/sitio\/fiesta-125-aniversario-de-vuelta-de-obligado\/whatsapp-image-2022-03-14-at-12-14-24-pm-1\/\" data-orig-file=\"https:\/\/eldiariodesanpedro.com.ar\/sitio\/wp-content\/uploads\/2022\/03\/WhatsApp-Image-2022-03-14-at-12.14.24-PM-1.jpeg\" data-orig-size=\"630,630\" data-comments-opened=\"0\" data-image-meta=\"{&quot;aperture&quot;:&quot;0&quot;,&quot;credit&quot;:&quot;&quot;,&quot;camera&quot;:&quot;&quot;,&quot;caption&quot;:&quot;&quot;,&quot;created_timestamp&quot;:&quot;0&quot;,&quot;copyright&quot;:&quot;&quot;,&quot;focal_length&quot;:&quot;0&quot;,&quot;iso&quot;:&quot;0&quot;,&quot;shutter_speed&quot;:&quot;0&quot;,&quot;title&quot;:&quot;&quot;,&quot;orientation&quot;:&quot;0&quot;}\" data-image-title=\"WhatsApp-Image-2022-03-14-at-12.14.24-PM-1\" data-image-description=\"\" data-image-caption=\"\" data-large-file=\"https:\/\/eldiariodesanpedro.com.ar\/sitio\/wp-content\/uploads\/2022\/03\/WhatsApp-Image-2022-03-14-at-12.14.24-PM-1.jpeg\" data-src=\"https:\/\/eldiariodesanpedro.com.ar\/sitio\/wp-content\/uploads\/2022\/03\/WhatsApp-Image-2022-03-14-at-12.14.24-PM-1.jpeg\" alt=\"\" class=\"wp-image-105013 lazyload\" data-srcset=\"https:\/\/eldiariodesanpedro.com.ar\/sitio\/wp-content\/uploads\/2022\/03\/WhatsApp-Image-2022-03-14-at-12.14.24-PM-1.jpeg 630w, https:\/\/eldiariodesanpedro.com.ar\/sitio\/wp-content\/uploads\/2022\/03\/WhatsApp-Image-2022-03-14-at-12.14.24-PM-1-300x300.jpeg 300w, https:\/\/eldiariodesanpedro.com.ar\/sitio\/wp-content\/uploads\/2022\/03\/WhatsApp-Image-2022-03-14-at-12.14.24-PM-1-150x150.jpeg 150w\" data-sizes=\"(max-width: 630px) 100vw, 630px\" src=\"data:image\/svg+xml;base64,PHN2ZyB3aWR0aD0iMSIgaGVpZ2h0PSIxIiB4bWxucz0iaHR0cDovL3d3dy53My5vcmcvMjAwMC9zdmciPjwvc3ZnPg==\" style=\"--smush-placeholder-width: 630px; --smush-placeholder-aspect-ratio: 630\/630;\" \/><\/figure>\n","protected":false},"excerpt":{"rendered":"<p>Se acerca un nuevo aniversario de la hist\u00f3rica localidad y comienzan a realizar los preparativos para la celebraci\u00f3n que se realizar\u00e1 el s\u00e1bado 19 de marzo en Plaza Santiago Moreira de Vuelta de Obligado. La jornada comenzar\u00e1 a las 18.00 con el desfile de los centros tradicionalistas por las calles de la localidad. Se recitar\u00e1 [&hellip;]<\/p>\n","protected":false},"author":4,"featured_media":105011,"comment_status":"closed","ping_status":"closed","sticky":false,"template":"","format":"standard","meta":{"om_disable_all_campaigns":false,"_jetpack_memberships_contains_paid_content":false,"footnotes":""},"categories":[50,101,2],"tags":[197,696,33,19],"class_list":["post-105010","post","type-post","status-publish","format-standard","has-post-thumbnail","hentry","category-destacadas","category-interes-general-locales","category-locales","tag-buenos-aires","tag-interes-general","tag-locales","tag-san-pedro"],"aioseo_notices":[],"gutentor_comment":0,"jetpack_featured_media_url":"https:\/\/eldiariodesanpedro.com.ar\/sitio\/wp-content\/uploads\/2022\/03\/monumento-a-la-batalla-de-vuelta-de-obligado-san-pedro-1.jpg","jetpack_shortlink":"https:\/\/wp.me\/p6RhLt-rjI","jetpack_sharing_enabled":true,"_links":{"self":[{"href":"https:\/\/eldiariodesanpedro.com.ar\/sitio\/wp-json\/wp\/v2\/posts\/105010","targetHints":{"allow":["GET"]}}],"collection":[{"href":"https:\/\/eldiariodesanpedro.com.ar\/sitio\/wp-json\/wp\/v2\/posts"}],"about":[{"href":"https:\/\/eldiariodesanpedro.com.ar\/sitio\/wp-json\/wp\/v2\/types\/post"}],"author":[{"embeddable":true,"href":"https:\/\/eldiariodesanpedro.com.ar\/sitio\/wp-json\/wp\/v2\/users\/4"}],"replies":[{"embeddable":true,"href":"https:\/\/eldiariodesanpedro.com.ar\/sitio\/wp-json\/wp\/v2\/comments?post=105010"}],"version-history":[{"count":1,"href":"https:\/\/eldiariodesanpedro.com.ar\/sitio\/wp-json\/wp\/v2\/posts\/105010\/revisions"}],"predecessor-version":[{"id":105014,"href":"https:\/\/eldiariodesanpedro.com.ar\/sitio\/wp-json\/wp\/v2\/posts\/105010\/revisions\/105014"}],"wp:featuredmedia":[{"embeddable":true,"href":"https:\/\/eldiariodesanpedro.com.ar\/sitio\/wp-json\/wp\/v2\/media\/105011"}],"wp:attachment":[{"href":"https:\/\/eldiariodesanpedro.com.ar\/sitio\/wp-json\/wp\/v2\/media?parent=105010"}],"wp:term":[{"taxonomy":"category","embeddable":true,"href":"https:\/\/eldiariodesanpedro.com.ar\/sitio\/wp-json\/wp\/v2\/categories?post=105010"},{"taxonomy":"post_tag","embeddable":true,"href":"https:\/\/eldiariodesanpedro.com.ar\/sitio\/wp-json\/wp\/v2\/tags?post=105010"}],"curies":[{"name":"wp","href":"https:\/\/api.w.org\/{rel}","templated":true}]}}