{"id":105007,"date":"2022-03-14T14:00:52","date_gmt":"2022-03-14T17:00:52","guid":{"rendered":"https:\/\/eldiariodesanpedro.com.ar\/sitio\/?p=105007"},"modified":"2022-03-14T14:00:53","modified_gmt":"2022-03-14T17:00:53","slug":"manana-operativo-de-abordaje-territorial-estamos-en-tu-barrio-en-gobernador-castro","status":"publish","type":"post","link":"https:\/\/eldiariodesanpedro.com.ar\/sitio\/manana-operativo-de-abordaje-territorial-estamos-en-tu-barrio-en-gobernador-castro\/","title":{"rendered":"Ma\u00f1ana operativo de abordaje territorial \u00abEstamos en tu barrio\u00bb en Gobernador Castro"},"content":{"rendered":"<!-- VideographyWP Plugin Message: Automatic video embedding prevented by plugin options. -->\n\n<p>El pr\u00f3ximo martes 15 de marzo, de 09.00 a 12.00, se concretar\u00e1 una nueva edici\u00f3n del operativo organizado por la Municipalidad de San Pedro, que contar\u00e1 nuevamente con la presencia de todas las \u00e1reas municipales, adem\u00e1s de otros organismos como la delegaci\u00f3n local del ministerio de Trabajo, el vacunatorio San Pedro Vacunate, y el Centro de Acceso a la Justicia (CAJ). La jornada se desarrollar\u00e1 en la Plaza San Mart\u00edn de Gobernador Castro.<\/p>\n\n\n\n<p>Este viernes, en el despacho del secretario de gobierno Pablo Vlaeminck, tuvo lugar un encuentro del que participaron el secretario de Coordinaci\u00f3n Hern\u00e1n Contreras; de Econom\u00eda Fabi\u00e1n Rodr\u00edguez; de Desarrrollo Humano Walter S\u00e1nchez; de Salud Pablo Pichioni; de Seguridad Diego Solana; de Pol\u00edticas de G\u00e9nero, Mujeres y Diversidad, Laura Monfasani; adem\u00e1s de la titular de la delegaci\u00f3n San Pedro del ministerio de Trabajo bonaerense, la doctora Sof\u00eda Rotundo; y la responsable del Centro de Acceso a la Justicia, la doctora Guadalupe Fraga.<\/p>\n\n\n\n<p>Durante la reuni\u00f3n, Vlaeminck remarc\u00f3 la relevancia de incrementar la presencia territorial y de acercar soluciones a los vecinos de los barrios y las localidades como parte de las pol\u00edticas impulsadas por el intendente Dr. Ram\u00f3n Salazar.<\/p>\n","protected":false},"excerpt":{"rendered":"<p>El pr\u00f3ximo martes 15 de marzo, de 09.00 a 12.00, se concretar\u00e1 una nueva edici\u00f3n del operativo organizado por la Municipalidad de San Pedro, que contar\u00e1 nuevamente con la presencia de todas las \u00e1reas municipales, adem\u00e1s de otros organismos como la delegaci\u00f3n local del ministerio de Trabajo, el vacunatorio San Pedro Vacunate, y el Centro [&hellip;]<\/p>\n","protected":false},"author":4,"featured_media":105008,"comment_status":"closed","ping_status":"closed","sticky":false,"template":"","format":"standard","meta":{"om_disable_all_campaigns":false,"_jetpack_memberships_contains_paid_content":false,"footnotes":""},"categories":[50,101,2],"tags":[197,696,33,19],"class_list":["post-105007","post","type-post","status-publish","format-standard","has-post-thumbnail","hentry","category-destacadas","category-interes-general-locales","category-locales","tag-buenos-aires","tag-interes-general","tag-locales","tag-san-pedro"],"aioseo_notices":[],"gutentor_comment":0,"jetpack_featured_media_url":"https:\/\/eldiariodesanpedro.com.ar\/sitio\/wp-content\/uploads\/2022\/03\/WhatsApp-Image-2022-03-12-at-1.02.44-PM.jpeg","jetpack_shortlink":"https:\/\/wp.me\/p6RhLt-rjF","jetpack_sharing_enabled":true,"_links":{"self":[{"href":"https:\/\/eldiariodesanpedro.com.ar\/sitio\/wp-json\/wp\/v2\/posts\/105007","targetHints":{"allow":["GET"]}}],"collection":[{"href":"https:\/\/eldiariodesanpedro.com.ar\/sitio\/wp-json\/wp\/v2\/posts"}],"about":[{"href":"https:\/\/eldiariodesanpedro.com.ar\/sitio\/wp-json\/wp\/v2\/types\/post"}],"author":[{"embeddable":true,"href":"https:\/\/eldiariodesanpedro.com.ar\/sitio\/wp-json\/wp\/v2\/users\/4"}],"replies":[{"embeddable":true,"href":"https:\/\/eldiariodesanpedro.com.ar\/sitio\/wp-json\/wp\/v2\/comments?post=105007"}],"version-history":[{"count":1,"href":"https:\/\/eldiariodesanpedro.com.ar\/sitio\/wp-json\/wp\/v2\/posts\/105007\/revisions"}],"predecessor-version":[{"id":105009,"href":"https:\/\/eldiariodesanpedro.com.ar\/sitio\/wp-json\/wp\/v2\/posts\/105007\/revisions\/105009"}],"wp:featuredmedia":[{"embeddable":true,"href":"https:\/\/eldiariodesanpedro.com.ar\/sitio\/wp-json\/wp\/v2\/media\/105008"}],"wp:attachment":[{"href":"https:\/\/eldiariodesanpedro.com.ar\/sitio\/wp-json\/wp\/v2\/media?parent=105007"}],"wp:term":[{"taxonomy":"category","embeddable":true,"href":"https:\/\/eldiariodesanpedro.com.ar\/sitio\/wp-json\/wp\/v2\/categories?post=105007"},{"taxonomy":"post_tag","embeddable":true,"href":"https:\/\/eldiariodesanpedro.com.ar\/sitio\/wp-json\/wp\/v2\/tags?post=105007"}],"curies":[{"name":"wp","href":"https:\/\/api.w.org\/{rel}","templated":true}]}}