{"id":105000,"date":"2022-03-14T13:09:34","date_gmt":"2022-03-14T16:09:34","guid":{"rendered":"https:\/\/eldiariodesanpedro.com.ar\/sitio\/?p=105000"},"modified":"2022-03-14T13:09:35","modified_gmt":"2022-03-14T16:09:35","slug":"violencia-de-genero-en-tala-un-aprehendido-con-un-cuchillo-que-agredio-a-la-pareja","status":"publish","type":"post","link":"https:\/\/eldiariodesanpedro.com.ar\/sitio\/violencia-de-genero-en-tala-un-aprehendido-con-un-cuchillo-que-agredio-a-la-pareja\/","title":{"rendered":"Violencia de G\u00e9nero en Tala: Un aprehendido con un cuchillo que agredi\u00f3 a la pareja"},"content":{"rendered":"<!-- VideographyWP Plugin Message: Automatic video embedding prevented by plugin options. -->\n\n<p>Este domingo ocurri\u00f3 un grave hecho de violencia de g\u00e9nero en la localidad de R\u00edo Tala donde un ciudadano que se encontraba armado agredi\u00f3 a la pareja provocando lesiones.<\/p>\n\n\n\n<p>El hecho tuvo lugar este domingo en calle Shalibaum entre San Mart\u00edn y Camelino donde un ciudadano de 45 a\u00f1os de edad agredi\u00f3 f\u00edsicamente a la pareja de 37 a\u00f1os de edad tras una grave discusi\u00f3n.<\/p>\n\n\n\n<p>Se hizo presente una patrulla de la polic\u00eda del destacamento que logr\u00f3 reducir al violento y entre sus prendas encontr\u00f3 un arma blanca.<\/p>\n\n\n\n<p>La mujer fue asistida en primer lugar en el nosocomio local y luego en la Comisaria de la Mujer y la Familia.<\/p>\n","protected":false},"excerpt":{"rendered":"<p>Este domingo ocurri\u00f3 un grave hecho de violencia de g\u00e9nero en la localidad de R\u00edo Tala donde un ciudadano que se encontraba armado agredi\u00f3 a la pareja provocando lesiones. El hecho tuvo lugar este domingo en calle Shalibaum entre San Mart\u00edn y Camelino donde un ciudadano de 45 a\u00f1os de edad agredi\u00f3 f\u00edsicamente a la [&hellip;]<\/p>\n","protected":false},"author":4,"featured_media":75675,"comment_status":"closed","ping_status":"closed","sticky":false,"template":"","format":"standard","meta":{"om_disable_all_campaigns":false,"_jetpack_memberships_contains_paid_content":false,"footnotes":""},"categories":[50,2,103],"tags":[197,33,95,19],"class_list":["post-105000","post","type-post","status-publish","format-standard","has-post-thumbnail","hentry","category-destacadas","category-locales","category-policiales-locales","tag-buenos-aires","tag-locales","tag-policiales","tag-san-pedro"],"aioseo_notices":[],"gutentor_comment":0,"jetpack_featured_media_url":"https:\/\/eldiariodesanpedro.com.ar\/sitio\/wp-content\/uploads\/2020\/06\/violencia-de-genero-e1549401016118.jpg","jetpack_shortlink":"https:\/\/wp.me\/p6RhLt-rjy","jetpack_sharing_enabled":true,"_links":{"self":[{"href":"https:\/\/eldiariodesanpedro.com.ar\/sitio\/wp-json\/wp\/v2\/posts\/105000","targetHints":{"allow":["GET"]}}],"collection":[{"href":"https:\/\/eldiariodesanpedro.com.ar\/sitio\/wp-json\/wp\/v2\/posts"}],"about":[{"href":"https:\/\/eldiariodesanpedro.com.ar\/sitio\/wp-json\/wp\/v2\/types\/post"}],"author":[{"embeddable":true,"href":"https:\/\/eldiariodesanpedro.com.ar\/sitio\/wp-json\/wp\/v2\/users\/4"}],"replies":[{"embeddable":true,"href":"https:\/\/eldiariodesanpedro.com.ar\/sitio\/wp-json\/wp\/v2\/comments?post=105000"}],"version-history":[{"count":1,"href":"https:\/\/eldiariodesanpedro.com.ar\/sitio\/wp-json\/wp\/v2\/posts\/105000\/revisions"}],"predecessor-version":[{"id":105001,"href":"https:\/\/eldiariodesanpedro.com.ar\/sitio\/wp-json\/wp\/v2\/posts\/105000\/revisions\/105001"}],"wp:featuredmedia":[{"embeddable":true,"href":"https:\/\/eldiariodesanpedro.com.ar\/sitio\/wp-json\/wp\/v2\/media\/75675"}],"wp:attachment":[{"href":"https:\/\/eldiariodesanpedro.com.ar\/sitio\/wp-json\/wp\/v2\/media?parent=105000"}],"wp:term":[{"taxonomy":"category","embeddable":true,"href":"https:\/\/eldiariodesanpedro.com.ar\/sitio\/wp-json\/wp\/v2\/categories?post=105000"},{"taxonomy":"post_tag","embeddable":true,"href":"https:\/\/eldiariodesanpedro.com.ar\/sitio\/wp-json\/wp\/v2\/tags?post=105000"}],"curies":[{"name":"wp","href":"https:\/\/api.w.org\/{rel}","templated":true}]}}