{"id":10500,"date":"2016-11-21T19:01:14","date_gmt":"2016-11-21T22:01:14","guid":{"rendered":"https:\/\/eldiariodesanpedro.com.ar\/sitio\/?p=10500"},"modified":"2016-11-21T19:01:14","modified_gmt":"2016-11-21T22:01:14","slug":"baradero-telegramas-para-trabajadores-de-donto","status":"publish","type":"post","link":"https:\/\/eldiariodesanpedro.com.ar\/sitio\/baradero-telegramas-para-trabajadores-de-donto\/","title":{"rendered":"BARADERO: Telegramas para trabajadores de Donto"},"content":{"rendered":"<p><!-- VideographyWP Plugin Message: Automatic video embedding prevented by plugin options. --><br \/>\nPor el paro de actividades que realizan los trabajadores de Donto, desde hace varios d\u00edas por incumplimientos, recibieron telegramas de intimaci\u00f3n para que vuelvan a sus actividades normales y abandonen el paro, aduciendo que no tienen nada que reclamar.<\/p>\n<p>\u00abLo que ha hecho la empresa es mandar telegramas de intimaci\u00f3n, para que el trabajador est\u00e9 en la f\u00e1brica trabajando y no reclamando\u201d, aclar\u00f3 Felipe Barrios.<\/p>\n<p>Desde el 11 de noviembre los trabajadores llevan a cabo medidas en reclamo de incumplimientos que la empresa a\u00fan no sald\u00f3. \u201cSon muchos los puntos que le estamos exigiendo a la empresa desde hace dos a\u00f1os\u201d, aclar\u00f3 Barrios.<br \/>\nEsta ma\u00f1ana alrededor de 30 notificaciones fueron entregadas a trabajadores. Mediante carta documento la compa\u00f1\u00eda aduce que \u201cno hay nada para reclamar\u201d.<\/p>\n<p>\u201cEsto es para que el trabajador desista. Pero que se queden tranquilos que es solo una amenaza. De concretarse la empresa tendr\u00e1 que despedir a todos. Todos adentro o ninguno afuera\u201d, remarc\u00f3 el sindicalista. <\/p>\n","protected":false},"excerpt":{"rendered":"<p>Por el paro de actividades que realizan los trabajadores de Donto, desde hace varios d\u00edas por incumplimientos, recibieron telegramas de intimaci\u00f3n para que vuelvan a sus actividades normales y abandonen el paro, aduciendo que no tienen nada que reclamar. \u00abLo que ha hecho la empresa es mandar telegramas de intimaci\u00f3n, para que el trabajador est\u00e9 [&hellip;]<\/p>\n","protected":false},"author":4,"featured_media":10501,"comment_status":"open","ping_status":"closed","sticky":false,"template":"","format":"standard","meta":{"om_disable_all_campaigns":false,"_jetpack_memberships_contains_paid_content":false,"footnotes":""},"categories":[621],"tags":[],"class_list":["post-10500","post","type-post","status-publish","format-standard","has-post-thumbnail","hentry","category-regionales"],"aioseo_notices":[],"gutentor_comment":0,"jetpack_featured_media_url":"https:\/\/eldiariodesanpedro.com.ar\/sitio\/wp-content\/uploads\/2016\/11\/donto.jpg","jetpack_shortlink":"https:\/\/wp.me\/p6RhLt-2Jm","jetpack_sharing_enabled":true,"_links":{"self":[{"href":"https:\/\/eldiariodesanpedro.com.ar\/sitio\/wp-json\/wp\/v2\/posts\/10500","targetHints":{"allow":["GET"]}}],"collection":[{"href":"https:\/\/eldiariodesanpedro.com.ar\/sitio\/wp-json\/wp\/v2\/posts"}],"about":[{"href":"https:\/\/eldiariodesanpedro.com.ar\/sitio\/wp-json\/wp\/v2\/types\/post"}],"author":[{"embeddable":true,"href":"https:\/\/eldiariodesanpedro.com.ar\/sitio\/wp-json\/wp\/v2\/users\/4"}],"replies":[{"embeddable":true,"href":"https:\/\/eldiariodesanpedro.com.ar\/sitio\/wp-json\/wp\/v2\/comments?post=10500"}],"version-history":[{"count":1,"href":"https:\/\/eldiariodesanpedro.com.ar\/sitio\/wp-json\/wp\/v2\/posts\/10500\/revisions"}],"predecessor-version":[{"id":10502,"href":"https:\/\/eldiariodesanpedro.com.ar\/sitio\/wp-json\/wp\/v2\/posts\/10500\/revisions\/10502"}],"wp:featuredmedia":[{"embeddable":true,"href":"https:\/\/eldiariodesanpedro.com.ar\/sitio\/wp-json\/wp\/v2\/media\/10501"}],"wp:attachment":[{"href":"https:\/\/eldiariodesanpedro.com.ar\/sitio\/wp-json\/wp\/v2\/media?parent=10500"}],"wp:term":[{"taxonomy":"category","embeddable":true,"href":"https:\/\/eldiariodesanpedro.com.ar\/sitio\/wp-json\/wp\/v2\/categories?post=10500"},{"taxonomy":"post_tag","embeddable":true,"href":"https:\/\/eldiariodesanpedro.com.ar\/sitio\/wp-json\/wp\/v2\/tags?post=10500"}],"curies":[{"name":"wp","href":"https:\/\/api.w.org\/{rel}","templated":true}]}}