{"id":104996,"date":"2022-03-14T11:31:20","date_gmt":"2022-03-14T14:31:20","guid":{"rendered":"https:\/\/eldiariodesanpedro.com.ar\/sitio\/?p=104996"},"modified":"2022-03-14T11:49:06","modified_gmt":"2022-03-14T14:49:06","slug":"__trashed-2","status":"publish","type":"post","link":"https:\/\/eldiariodesanpedro.com.ar\/sitio\/__trashed-2\/","title":{"rendered":"Edicto de S\u00e1nchez Mirta Noemi c\/ Navarro de Casas Mar\u00eda s\/ Prescripci\u00f3n Adquisitiva Larga"},"content":{"rendered":"<!-- VideographyWP Plugin Message: Automatic video embedding prevented by plugin options. -->\n\n<p>El Juzgado de Paz Letrado de Baradero, Secretar\u00eda \u00danica, Dpto. Judicial de San Nicol\u00e1s, en autos: <strong>\u201dS\u00e1nchez Mirta Noemi c\/ Navarro de Casas Mar\u00eda s\/ Prescripci\u00f3n Adquisitiva Larga\u201d<\/strong> (Exp. 41330-21) cita y emplaza a la demandada Mar\u00eda Navarro de Casas y\/o su\/s heredero\/s y\/o a quien\/es se considere\/n con derechos sobre los inmuebles sitos en la localidad de Santa Coloma Partido de la ciudad de Baradero, cuyas Nomenclaturas catastrales de origen son: Circ. 8, Sec. A, Manz. 8; Parc. 3, 4, 5, 6, 7, 8 y 9, partidas inmobiliarias n\u00ba 009-008281-7, n\u00ba 009-008282-5, n\u00ba 009-008283-3 n\u00ba 009-008284-1 n\u00ba 009-008285-0 n\u00ba 009-008286-8 n\u00ba 009-008287-6 (seg\u00fan plano de posesi\u00f3n n\u00ba 9-6-2020 se designa catastralmente como Circ. 8, Sec. A, Manz. 8, Parc. 3a), para que dentro del plazo de diez d\u00edas comparezcan a estar a derecho y contestar demanda, bajo apercibimiento de designarse un Defensor Oficial de Ausentes que lo\/s represente.- Baradero, 11 de marzo de 2022.-<\/p>\n\n\n\n<p>ESTEBAN OMAR PERUSINA<br>ABOGADO SECRETARIO<\/p>\n\n\n\n<p>(Publicaci\u00f3n v\u00e1lida para los d\u00edas 14 y 15 de marzo de 2022)<br><a href=\"https:\/\/notificaciones.scba.gov.ar\/verificarnotificacion.aspx?codNotif=KC60M1\">https:\/\/notificaciones.scba.gov.ar\/verificarnotificacion.aspx?codNotif=KC60M1<\/a><\/p>\n","protected":false},"excerpt":{"rendered":"<p>El Juzgado de Paz Letrado de Baradero, Secretar\u00eda \u00danica, Dpto. Judicial de San Nicol\u00e1s, en autos: \u201dS\u00e1nchez Mirta Noemi c\/ Navarro de Casas Mar\u00eda s\/ Prescripci\u00f3n Adquisitiva Larga\u201d (Exp. 41330-21) cita y emplaza a la demandada Mar\u00eda Navarro de Casas y\/o su\/s heredero\/s y\/o a quien\/es se considere\/n con derechos sobre los inmuebles sitos en [&hellip;]<\/p>\n","protected":false},"author":4,"featured_media":81115,"comment_status":"closed","ping_status":"closed","sticky":false,"template":"","format":"standard","meta":{"om_disable_all_campaigns":false,"_jetpack_memberships_contains_paid_content":false,"footnotes":""},"categories":[676,1124],"tags":[197,1121,1355,19,1122],"class_list":["post-104996","post","type-post","status-publish","format-standard","has-post-thumbnail","hentry","category-edictos","category-edictos-especiales","tag-buenos-aires","tag-edicto","tag-judiciales","tag-san-pedro","tag-sucesion"],"aioseo_notices":[],"gutentor_comment":0,"jetpack_featured_media_url":"https:\/\/eldiariodesanpedro.com.ar\/sitio\/wp-content\/uploads\/2020\/09\/Poder-Judicial.jpg","jetpack_shortlink":"https:\/\/wp.me\/p6RhLt-rju","jetpack_sharing_enabled":true,"_links":{"self":[{"href":"https:\/\/eldiariodesanpedro.com.ar\/sitio\/wp-json\/wp\/v2\/posts\/104996","targetHints":{"allow":["GET"]}}],"collection":[{"href":"https:\/\/eldiariodesanpedro.com.ar\/sitio\/wp-json\/wp\/v2\/posts"}],"about":[{"href":"https:\/\/eldiariodesanpedro.com.ar\/sitio\/wp-json\/wp\/v2\/types\/post"}],"author":[{"embeddable":true,"href":"https:\/\/eldiariodesanpedro.com.ar\/sitio\/wp-json\/wp\/v2\/users\/4"}],"replies":[{"embeddable":true,"href":"https:\/\/eldiariodesanpedro.com.ar\/sitio\/wp-json\/wp\/v2\/comments?post=104996"}],"version-history":[{"count":2,"href":"https:\/\/eldiariodesanpedro.com.ar\/sitio\/wp-json\/wp\/v2\/posts\/104996\/revisions"}],"predecessor-version":[{"id":104999,"href":"https:\/\/eldiariodesanpedro.com.ar\/sitio\/wp-json\/wp\/v2\/posts\/104996\/revisions\/104999"}],"wp:featuredmedia":[{"embeddable":true,"href":"https:\/\/eldiariodesanpedro.com.ar\/sitio\/wp-json\/wp\/v2\/media\/81115"}],"wp:attachment":[{"href":"https:\/\/eldiariodesanpedro.com.ar\/sitio\/wp-json\/wp\/v2\/media?parent=104996"}],"wp:term":[{"taxonomy":"category","embeddable":true,"href":"https:\/\/eldiariodesanpedro.com.ar\/sitio\/wp-json\/wp\/v2\/categories?post=104996"},{"taxonomy":"post_tag","embeddable":true,"href":"https:\/\/eldiariodesanpedro.com.ar\/sitio\/wp-json\/wp\/v2\/tags?post=104996"}],"curies":[{"name":"wp","href":"https:\/\/api.w.org\/{rel}","templated":true}]}}