{"id":104994,"date":"2022-03-14T11:23:39","date_gmt":"2022-03-14T14:23:39","guid":{"rendered":"https:\/\/eldiariodesanpedro.com.ar\/sitio\/?p=104994"},"modified":"2022-03-14T11:23:40","modified_gmt":"2022-03-14T14:23:40","slug":"robo-de-un-celular-en-la-via-publica","status":"publish","type":"post","link":"https:\/\/eldiariodesanpedro.com.ar\/sitio\/robo-de-un-celular-en-la-via-publica\/","title":{"rendered":"Robo de un celular en la v\u00eda p\u00fablica"},"content":{"rendered":"<!-- VideographyWP Plugin Message: Automatic video embedding prevented by plugin options. -->\n\n<p>Este domingo en horas de la madrugada en la comisar\u00eda local un ciudadano de 37 a\u00f1os que en momentos en que se encontraba caminando por arteria Benefactora Sampedrina en sentido de circulaci\u00f3n orientado hacia el r\u00edo es abordado desde atr\u00e1s por un sujeto masculino que mediante intimidaci\u00f3n verbal le sustrae un tel\u00e9fono celular de la marca motorola modelo E, para luego emprender fuga en sentido hacia el barrio Hermano Indio. Int. UFI N\u00b0 05 San Pedro.-<\/p>\n","protected":false},"excerpt":{"rendered":"<p>Este domingo en horas de la madrugada en la comisar\u00eda local un ciudadano de 37 a\u00f1os que en momentos en que se encontraba caminando por arteria Benefactora Sampedrina en sentido de circulaci\u00f3n orientado hacia el r\u00edo es abordado desde atr\u00e1s por un sujeto masculino que mediante intimidaci\u00f3n verbal le sustrae un tel\u00e9fono celular de la [&hellip;]<\/p>\n","protected":false},"author":4,"featured_media":78843,"comment_status":"closed","ping_status":"closed","sticky":false,"template":"","format":"standard","meta":{"om_disable_all_campaigns":false,"_jetpack_memberships_contains_paid_content":false,"footnotes":""},"categories":[2,103],"tags":[197,33,95,19],"class_list":["post-104994","post","type-post","status-publish","format-standard","has-post-thumbnail","hentry","category-locales","category-policiales-locales","tag-buenos-aires","tag-locales","tag-policiales","tag-san-pedro"],"aioseo_notices":[],"gutentor_comment":0,"jetpack_featured_media_url":"https:\/\/eldiariodesanpedro.com.ar\/sitio\/wp-content\/uploads\/2020\/08\/0.jpg","jetpack_shortlink":"https:\/\/wp.me\/p6RhLt-rjs","jetpack_sharing_enabled":true,"_links":{"self":[{"href":"https:\/\/eldiariodesanpedro.com.ar\/sitio\/wp-json\/wp\/v2\/posts\/104994","targetHints":{"allow":["GET"]}}],"collection":[{"href":"https:\/\/eldiariodesanpedro.com.ar\/sitio\/wp-json\/wp\/v2\/posts"}],"about":[{"href":"https:\/\/eldiariodesanpedro.com.ar\/sitio\/wp-json\/wp\/v2\/types\/post"}],"author":[{"embeddable":true,"href":"https:\/\/eldiariodesanpedro.com.ar\/sitio\/wp-json\/wp\/v2\/users\/4"}],"replies":[{"embeddable":true,"href":"https:\/\/eldiariodesanpedro.com.ar\/sitio\/wp-json\/wp\/v2\/comments?post=104994"}],"version-history":[{"count":1,"href":"https:\/\/eldiariodesanpedro.com.ar\/sitio\/wp-json\/wp\/v2\/posts\/104994\/revisions"}],"predecessor-version":[{"id":104995,"href":"https:\/\/eldiariodesanpedro.com.ar\/sitio\/wp-json\/wp\/v2\/posts\/104994\/revisions\/104995"}],"wp:featuredmedia":[{"embeddable":true,"href":"https:\/\/eldiariodesanpedro.com.ar\/sitio\/wp-json\/wp\/v2\/media\/78843"}],"wp:attachment":[{"href":"https:\/\/eldiariodesanpedro.com.ar\/sitio\/wp-json\/wp\/v2\/media?parent=104994"}],"wp:term":[{"taxonomy":"category","embeddable":true,"href":"https:\/\/eldiariodesanpedro.com.ar\/sitio\/wp-json\/wp\/v2\/categories?post=104994"},{"taxonomy":"post_tag","embeddable":true,"href":"https:\/\/eldiariodesanpedro.com.ar\/sitio\/wp-json\/wp\/v2\/tags?post=104994"}],"curies":[{"name":"wp","href":"https:\/\/api.w.org\/{rel}","templated":true}]}}