{"id":104991,"date":"2022-03-14T11:03:17","date_gmt":"2022-03-14T14:03:17","guid":{"rendered":"https:\/\/eldiariodesanpedro.com.ar\/sitio\/?p=104991"},"modified":"2022-03-14T11:03:18","modified_gmt":"2022-03-14T14:03:18","slug":"exitoso-retorno-de-la-feria-frutos-de-la-tierra-y-el-rio","status":"publish","type":"post","link":"https:\/\/eldiariodesanpedro.com.ar\/sitio\/exitoso-retorno-de-la-feria-frutos-de-la-tierra-y-el-rio\/","title":{"rendered":"Exitoso retorno de la feria Frutos de la tierra y el r\u00edo"},"content":{"rendered":"<!-- VideographyWP Plugin Message: Automatic video embedding prevented by plugin options. -->\n\n<p>la d\u00e9cima edici\u00f3n de la feria que honra el v\u00ednculo entre productor y consumidor. El encuentro anticipar\u00e1 por unos d\u00edas el \u201cD\u00eda mundial del Consumo Responsable\u201d, una fecha que busca hacer consciente las implicancias del proceso.<\/p>\n\n\n\n<p>Desde sus inicios en 2013, Frutos de la tierra y el r\u00edo se propuso como un espacio de encuentro entre quienes producen y consumen. Los mercados de cercan\u00eda permiten disminuir los costos de transporte, la contaminaci\u00f3n que ello implica, el fomento del consumo de productos de estaci\u00f3n. Adem\u00e1s favorece las econom\u00edas regionales. Aunque la efem\u00e9rides se cumple el martes 15, la Asociaci\u00f3n Civil quiere anticipar la reivindicaci\u00f3n del compromiso de quienes se acercan en cada edici\u00f3n. Invitan a compartir con familia y amistades el aprender y descubrir nuevas formas de consumir con criterio y de una forma consecuente. Comprender que el consumo es un engranaje que entrelaza actores, ambiente, intereses, pol\u00edticas, acciones; y pensar en ellos, es un aporte hacia un mundo m\u00e1s justo.&nbsp;<\/p>\n\n\n\n<p>El s\u00e1bado se llev\u00f3 a cabo la apertura con la presencia de las autoridades locales y los emprendedores.<\/p>\n\n\n\n<p>La pandemia llev\u00f3 a que s\u00f3lo se realizara una feria en 2020 y tres en 2021. Este a\u00f1o cruzan los dedos para concretar un ciclo de seis, retomando con el cronograma que ten\u00edan pre pandemia.<\/p>\n\n\n\n<p>La propuesta fue la habitual, con las primeras batatas del a\u00f1o Ipomea, calabazas y otros productos propios de estaci\u00f3n. Tampoco faltaron los huevos de gallinas libres de Granja Kel\u2019el.&nbsp;La miel con Sol Sampedrino y los deliciosos dulces de Amor para siempre y la Dulcer\u00eda San Pedro. Hubo prop\u00f3leos, cremas y dem\u00e1s de Apiseuda y Raimapu . Por supuesto tambi\u00e9n plantines, cactus, suculentas de la mano de Osvaldo Balustro,&nbsp;La Buena Moza y las Mam\u00e1s de la escuela de Bajo de los f\u00f3siles, entre otros. Plantines El Yuyito tuvo su habitual oferta de productos agroecol\u00f3gicos y plantines forestales, y tambi\u00e9n Eulogia Tejidos y La Lana, con sus tejidos artesanales.<\/p>\n","protected":false},"excerpt":{"rendered":"<p>la d\u00e9cima edici\u00f3n de la feria que honra el v\u00ednculo entre productor y consumidor. El encuentro anticipar\u00e1 por unos d\u00edas el \u201cD\u00eda mundial del Consumo Responsable\u201d, una fecha que busca hacer consciente las implicancias del proceso. Desde sus inicios en 2013, Frutos de la tierra y el r\u00edo se propuso como un espacio de encuentro [&hellip;]<\/p>\n","protected":false},"author":4,"featured_media":104992,"comment_status":"closed","ping_status":"closed","sticky":false,"template":"","format":"standard","meta":{"om_disable_all_campaigns":false,"_jetpack_memberships_contains_paid_content":false,"footnotes":""},"categories":[101,2],"tags":[197,696,33,19],"class_list":["post-104991","post","type-post","status-publish","format-standard","has-post-thumbnail","hentry","category-interes-general-locales","category-locales","tag-buenos-aires","tag-interes-general","tag-locales","tag-san-pedro"],"aioseo_notices":[],"gutentor_comment":0,"jetpack_featured_media_url":"https:\/\/eldiariodesanpedro.com.ar\/sitio\/wp-content\/uploads\/2022\/03\/0000020747-resized-1920x1080-1.jpg","jetpack_shortlink":"https:\/\/wp.me\/p6RhLt-rjp","jetpack_sharing_enabled":true,"_links":{"self":[{"href":"https:\/\/eldiariodesanpedro.com.ar\/sitio\/wp-json\/wp\/v2\/posts\/104991","targetHints":{"allow":["GET"]}}],"collection":[{"href":"https:\/\/eldiariodesanpedro.com.ar\/sitio\/wp-json\/wp\/v2\/posts"}],"about":[{"href":"https:\/\/eldiariodesanpedro.com.ar\/sitio\/wp-json\/wp\/v2\/types\/post"}],"author":[{"embeddable":true,"href":"https:\/\/eldiariodesanpedro.com.ar\/sitio\/wp-json\/wp\/v2\/users\/4"}],"replies":[{"embeddable":true,"href":"https:\/\/eldiariodesanpedro.com.ar\/sitio\/wp-json\/wp\/v2\/comments?post=104991"}],"version-history":[{"count":1,"href":"https:\/\/eldiariodesanpedro.com.ar\/sitio\/wp-json\/wp\/v2\/posts\/104991\/revisions"}],"predecessor-version":[{"id":104993,"href":"https:\/\/eldiariodesanpedro.com.ar\/sitio\/wp-json\/wp\/v2\/posts\/104991\/revisions\/104993"}],"wp:featuredmedia":[{"embeddable":true,"href":"https:\/\/eldiariodesanpedro.com.ar\/sitio\/wp-json\/wp\/v2\/media\/104992"}],"wp:attachment":[{"href":"https:\/\/eldiariodesanpedro.com.ar\/sitio\/wp-json\/wp\/v2\/media?parent=104991"}],"wp:term":[{"taxonomy":"category","embeddable":true,"href":"https:\/\/eldiariodesanpedro.com.ar\/sitio\/wp-json\/wp\/v2\/categories?post=104991"},{"taxonomy":"post_tag","embeddable":true,"href":"https:\/\/eldiariodesanpedro.com.ar\/sitio\/wp-json\/wp\/v2\/tags?post=104991"}],"curies":[{"name":"wp","href":"https:\/\/api.w.org\/{rel}","templated":true}]}}