{"id":104988,"date":"2022-03-14T10:44:46","date_gmt":"2022-03-14T13:44:46","guid":{"rendered":"https:\/\/eldiariodesanpedro.com.ar\/sitio\/?p=104988"},"modified":"2022-03-14T10:44:47","modified_gmt":"2022-03-14T13:44:47","slug":"fabio-giovanettoni-asume-como-director-de-defensa-civil","status":"publish","type":"post","link":"https:\/\/eldiariodesanpedro.com.ar\/sitio\/fabio-giovanettoni-asume-como-director-de-defensa-civil\/","title":{"rendered":"Fabio Giovanettoni asume como Director de Defensa Civil"},"content":{"rendered":"<!-- VideographyWP Plugin Message: Automatic video embedding prevented by plugin options. -->\n\n<p>El ex Intendente y ex jefe de Bomberos Voluntarios asumir\u00e1 en las pr\u00f3ximas horas como nuevo integrante del gabinete de Ram\u00f3n Salazar.<\/p>\n\n\n\n<p>El ex Intendente, concejal mandato cumplido y ex jefe del cuerpo activo de los Bomberos Voluntarios de la ciudad, Fabio Giovanettoni, retorna al ruedo pol\u00edtico.<\/p>\n\n\n\n<p>Hace pocas semanas fue confirmado como nuevo funcionarios y en las pr\u00f3ximas horas se convertir\u00e1 en el flamante Director de Defensa Civil en lugar de Eduardo Roleri que renunci\u00f3 hace dos meses.<\/p>\n\n\n\n<p>Giovanettoni, con amplios conocimientos en el rubro que tambi\u00e9l lo llev\u00f3 a ser parte de la Federaci\u00f3n Nacional de Bomberos, estuvo reunido con Ram\u00f3n Salazar y ahora resta encontrarse con el Secretario de Seguridad Diego Solanas, luego, asumir\u00e1 formalmente en el cargo.<\/p>\n","protected":false},"excerpt":{"rendered":"<p>El ex Intendente y ex jefe de Bomberos Voluntarios asumir\u00e1 en las pr\u00f3ximas horas como nuevo integrante del gabinete de Ram\u00f3n Salazar. El ex Intendente, concejal mandato cumplido y ex jefe del cuerpo activo de los Bomberos Voluntarios de la ciudad, Fabio Giovanettoni, retorna al ruedo pol\u00edtico. Hace pocas semanas fue confirmado como nuevo funcionarios [&hellip;]<\/p>\n","protected":false},"author":4,"featured_media":104989,"comment_status":"closed","ping_status":"closed","sticky":false,"template":"","format":"standard","meta":{"om_disable_all_campaigns":false,"_jetpack_memberships_contains_paid_content":false,"footnotes":""},"categories":[50,101,2],"tags":[197,696,33,19],"class_list":["post-104988","post","type-post","status-publish","format-standard","has-post-thumbnail","hentry","category-destacadas","category-interes-general-locales","category-locales","tag-buenos-aires","tag-interes-general","tag-locales","tag-san-pedro"],"aioseo_notices":[],"gutentor_comment":0,"jetpack_featured_media_url":"https:\/\/eldiariodesanpedro.com.ar\/sitio\/wp-content\/uploads\/2022\/03\/0000020746-resized-1920x1080-1.jpg","jetpack_shortlink":"https:\/\/wp.me\/p6RhLt-rjm","jetpack_sharing_enabled":true,"_links":{"self":[{"href":"https:\/\/eldiariodesanpedro.com.ar\/sitio\/wp-json\/wp\/v2\/posts\/104988","targetHints":{"allow":["GET"]}}],"collection":[{"href":"https:\/\/eldiariodesanpedro.com.ar\/sitio\/wp-json\/wp\/v2\/posts"}],"about":[{"href":"https:\/\/eldiariodesanpedro.com.ar\/sitio\/wp-json\/wp\/v2\/types\/post"}],"author":[{"embeddable":true,"href":"https:\/\/eldiariodesanpedro.com.ar\/sitio\/wp-json\/wp\/v2\/users\/4"}],"replies":[{"embeddable":true,"href":"https:\/\/eldiariodesanpedro.com.ar\/sitio\/wp-json\/wp\/v2\/comments?post=104988"}],"version-history":[{"count":1,"href":"https:\/\/eldiariodesanpedro.com.ar\/sitio\/wp-json\/wp\/v2\/posts\/104988\/revisions"}],"predecessor-version":[{"id":104990,"href":"https:\/\/eldiariodesanpedro.com.ar\/sitio\/wp-json\/wp\/v2\/posts\/104988\/revisions\/104990"}],"wp:featuredmedia":[{"embeddable":true,"href":"https:\/\/eldiariodesanpedro.com.ar\/sitio\/wp-json\/wp\/v2\/media\/104989"}],"wp:attachment":[{"href":"https:\/\/eldiariodesanpedro.com.ar\/sitio\/wp-json\/wp\/v2\/media?parent=104988"}],"wp:term":[{"taxonomy":"category","embeddable":true,"href":"https:\/\/eldiariodesanpedro.com.ar\/sitio\/wp-json\/wp\/v2\/categories?post=104988"},{"taxonomy":"post_tag","embeddable":true,"href":"https:\/\/eldiariodesanpedro.com.ar\/sitio\/wp-json\/wp\/v2\/tags?post=104988"}],"curies":[{"name":"wp","href":"https:\/\/api.w.org\/{rel}","templated":true}]}}