{"id":104986,"date":"2022-03-14T10:35:00","date_gmt":"2022-03-14T13:35:00","guid":{"rendered":"https:\/\/eldiariodesanpedro.com.ar\/sitio\/?p=104986"},"modified":"2022-03-14T10:35:01","modified_gmt":"2022-03-14T13:35:01","slug":"aprehendieron-a-un-delincuente-dentro-de-un-campo","status":"publish","type":"post","link":"https:\/\/eldiariodesanpedro.com.ar\/sitio\/aprehendieron-a-un-delincuente-dentro-de-un-campo\/","title":{"rendered":"Aprehendieron a un delincuente dentro de un campo"},"content":{"rendered":"<!-- VideographyWP Plugin Message: Automatic video embedding prevented by plugin options. -->\n\n<p>Este domingo una persona fue aprehendida en un campo en la zona de la ruta nacional 9 que intentaba robar.<\/p>\n\n\n\n<p>El personal policial alert\u00f3 al 911 y tras r\u00e1pido accionar, en Ruta Nacional 9 km. 174.5, en las cercan\u00edas de Gdor. Castro, procede a la aprehensi\u00f3n de masculino de 37 a\u00f1os, quien es sorprendido en interior vivero propiedad de un ciudadano de 50 a\u00f1os. INT UFI N\u00b0 05.-<\/p>\n","protected":false},"excerpt":{"rendered":"<p>Este domingo una persona fue aprehendida en un campo en la zona de la ruta nacional 9 que intentaba robar. El personal policial alert\u00f3 al 911 y tras r\u00e1pido accionar, en Ruta Nacional 9 km. 174.5, en las cercan\u00edas de Gdor. Castro, procede a la aprehensi\u00f3n de masculino de 37 a\u00f1os, quien es sorprendido en [&hellip;]<\/p>\n","protected":false},"author":4,"featured_media":80172,"comment_status":"closed","ping_status":"closed","sticky":false,"template":"","format":"standard","meta":{"om_disable_all_campaigns":false,"_jetpack_memberships_contains_paid_content":false,"footnotes":""},"categories":[2,103],"tags":[197,696,33,19],"class_list":["post-104986","post","type-post","status-publish","format-standard","has-post-thumbnail","hentry","category-locales","category-policiales-locales","tag-buenos-aires","tag-interes-general","tag-locales","tag-san-pedro"],"aioseo_notices":[],"gutentor_comment":0,"jetpack_featured_media_url":"https:\/\/eldiariodesanpedro.com.ar\/sitio\/wp-content\/uploads\/2020\/08\/lvp.lvp_.img_nv000592.jpg","jetpack_shortlink":"https:\/\/wp.me\/p6RhLt-rjk","jetpack_sharing_enabled":true,"_links":{"self":[{"href":"https:\/\/eldiariodesanpedro.com.ar\/sitio\/wp-json\/wp\/v2\/posts\/104986","targetHints":{"allow":["GET"]}}],"collection":[{"href":"https:\/\/eldiariodesanpedro.com.ar\/sitio\/wp-json\/wp\/v2\/posts"}],"about":[{"href":"https:\/\/eldiariodesanpedro.com.ar\/sitio\/wp-json\/wp\/v2\/types\/post"}],"author":[{"embeddable":true,"href":"https:\/\/eldiariodesanpedro.com.ar\/sitio\/wp-json\/wp\/v2\/users\/4"}],"replies":[{"embeddable":true,"href":"https:\/\/eldiariodesanpedro.com.ar\/sitio\/wp-json\/wp\/v2\/comments?post=104986"}],"version-history":[{"count":1,"href":"https:\/\/eldiariodesanpedro.com.ar\/sitio\/wp-json\/wp\/v2\/posts\/104986\/revisions"}],"predecessor-version":[{"id":104987,"href":"https:\/\/eldiariodesanpedro.com.ar\/sitio\/wp-json\/wp\/v2\/posts\/104986\/revisions\/104987"}],"wp:featuredmedia":[{"embeddable":true,"href":"https:\/\/eldiariodesanpedro.com.ar\/sitio\/wp-json\/wp\/v2\/media\/80172"}],"wp:attachment":[{"href":"https:\/\/eldiariodesanpedro.com.ar\/sitio\/wp-json\/wp\/v2\/media?parent=104986"}],"wp:term":[{"taxonomy":"category","embeddable":true,"href":"https:\/\/eldiariodesanpedro.com.ar\/sitio\/wp-json\/wp\/v2\/categories?post=104986"},{"taxonomy":"post_tag","embeddable":true,"href":"https:\/\/eldiariodesanpedro.com.ar\/sitio\/wp-json\/wp\/v2\/tags?post=104986"}],"curies":[{"name":"wp","href":"https:\/\/api.w.org\/{rel}","templated":true}]}}