{"id":104984,"date":"2022-03-14T10:22:01","date_gmt":"2022-03-14T13:22:01","guid":{"rendered":"https:\/\/eldiariodesanpedro.com.ar\/sitio\/?p=104984"},"modified":"2022-03-14T10:22:02","modified_gmt":"2022-03-14T13:22:02","slug":"aprehendieron-a-un-sujeto-dentro-de-una-vivienda-que-estaba-por-robar","status":"publish","type":"post","link":"https:\/\/eldiariodesanpedro.com.ar\/sitio\/aprehendieron-a-un-sujeto-dentro-de-una-vivienda-que-estaba-por-robar\/","title":{"rendered":"Aprehendieron a un sujeto dentro de una vivienda que estaba por robar\u00a0"},"content":{"rendered":"<!-- VideographyWP Plugin Message: Automatic video embedding prevented by plugin options. -->\n\n<p>En la jornada del s\u00e1bado la polic\u00eda de nuestra ciudad se hizo presente en una vivienda donde fue aprehendido un delincuente que se encontraba dentro de la propiedad con intenciones de robo.<\/p>\n\n\n\n<p>El hecho ocurri\u00f3 el pasado s\u00e1bado en calle G\u00fcemes al 700 donde los efectivos policiales se hicieron presentes tras un llamado al 911, en el lugar se encontraba un delincuente de 37 a\u00f1os de edad&nbsp; con intenciones de robo en la vivienda tras violentar puerta de acceso.<\/p>\n\n\n\n<p>En la vivienda vive una joven de 19 a\u00f1os de edad que afortunadamente no se encontraba en el lugar.\u00a0<\/p>\n\n\n\n<p><\/p>\n","protected":false},"excerpt":{"rendered":"<p>En la jornada del s\u00e1bado la polic\u00eda de nuestra ciudad se hizo presente en una vivienda donde fue aprehendido un delincuente que se encontraba dentro de la propiedad con intenciones de robo. El hecho ocurri\u00f3 el pasado s\u00e1bado en calle G\u00fcemes al 700 donde los efectivos policiales se hicieron presentes tras un llamado al 911, [&hellip;]<\/p>\n","protected":false},"author":4,"featured_media":90679,"comment_status":"closed","ping_status":"closed","sticky":false,"template":"","format":"standard","meta":{"om_disable_all_campaigns":false,"_jetpack_memberships_contains_paid_content":false,"footnotes":""},"categories":[2,103],"tags":[197,33,95,19],"class_list":["post-104984","post","type-post","status-publish","format-standard","has-post-thumbnail","hentry","category-locales","category-policiales-locales","tag-buenos-aires","tag-locales","tag-policiales","tag-san-pedro"],"aioseo_notices":[],"gutentor_comment":0,"jetpack_featured_media_url":"https:\/\/eldiariodesanpedro.com.ar\/sitio\/wp-content\/uploads\/2021\/04\/patrullero-noche.jpg","jetpack_shortlink":"https:\/\/wp.me\/p6RhLt-rji","jetpack_sharing_enabled":true,"_links":{"self":[{"href":"https:\/\/eldiariodesanpedro.com.ar\/sitio\/wp-json\/wp\/v2\/posts\/104984","targetHints":{"allow":["GET"]}}],"collection":[{"href":"https:\/\/eldiariodesanpedro.com.ar\/sitio\/wp-json\/wp\/v2\/posts"}],"about":[{"href":"https:\/\/eldiariodesanpedro.com.ar\/sitio\/wp-json\/wp\/v2\/types\/post"}],"author":[{"embeddable":true,"href":"https:\/\/eldiariodesanpedro.com.ar\/sitio\/wp-json\/wp\/v2\/users\/4"}],"replies":[{"embeddable":true,"href":"https:\/\/eldiariodesanpedro.com.ar\/sitio\/wp-json\/wp\/v2\/comments?post=104984"}],"version-history":[{"count":1,"href":"https:\/\/eldiariodesanpedro.com.ar\/sitio\/wp-json\/wp\/v2\/posts\/104984\/revisions"}],"predecessor-version":[{"id":104985,"href":"https:\/\/eldiariodesanpedro.com.ar\/sitio\/wp-json\/wp\/v2\/posts\/104984\/revisions\/104985"}],"wp:featuredmedia":[{"embeddable":true,"href":"https:\/\/eldiariodesanpedro.com.ar\/sitio\/wp-json\/wp\/v2\/media\/90679"}],"wp:attachment":[{"href":"https:\/\/eldiariodesanpedro.com.ar\/sitio\/wp-json\/wp\/v2\/media?parent=104984"}],"wp:term":[{"taxonomy":"category","embeddable":true,"href":"https:\/\/eldiariodesanpedro.com.ar\/sitio\/wp-json\/wp\/v2\/categories?post=104984"},{"taxonomy":"post_tag","embeddable":true,"href":"https:\/\/eldiariodesanpedro.com.ar\/sitio\/wp-json\/wp\/v2\/tags?post=104984"}],"curies":[{"name":"wp","href":"https:\/\/api.w.org\/{rel}","templated":true}]}}