{"id":10497,"date":"2016-11-21T18:59:48","date_gmt":"2016-11-21T21:59:48","guid":{"rendered":"https:\/\/eldiariodesanpedro.com.ar\/sitio\/?p=10497"},"modified":"2016-11-21T18:59:48","modified_gmt":"2016-11-21T21:59:48","slug":"san-nicolas-explosion-e-incendio-en-instalaciones-de-la-empresa-atanor","status":"publish","type":"post","link":"https:\/\/eldiariodesanpedro.com.ar\/sitio\/san-nicolas-explosion-e-incendio-en-instalaciones-de-la-empresa-atanor\/","title":{"rendered":"SAN NICOL\u00c1S: Explosi\u00f3n e incendio en instalaciones de la empresa Atanor"},"content":{"rendered":"<p><!-- VideographyWP Plugin Message: Automatic video embedding prevented by plugin options. --><br \/>\nUna explosi\u00f3n seguida de un espiral negro de humo denso se sinti\u00f3 en las inmediaciones de la planta de Atanor en Subiza al 1100. Bomberos, polic\u00eda y ambulancias respondieron a la emergencia. Una hora despu\u00e9s se inform\u00f3 que no hab\u00eda riesgo t\u00f3xico. <\/p>\n<p>Vecinos y curiosos se agolparon en los alrededores en procura de conocer qu\u00e9 ocurr\u00eda. El tr\u00e1nsito est\u00e1 cortado en calle Rom\u00e1n Subiza, en Ponce de Le\u00f3n y Bogado. En el ingreso de la planta se abri\u00f3 el port\u00f3n para el ingreso de ambulancias y dotaciones de bomberos.<\/p>\n<p>Despu\u00e9s de treinta minutos de tareas se inform\u00f3 que el accidente no tiene riesgo grave para el medioambiente y que no se quemaron sustancias qu\u00edmicas. Ardieron una importante cantidad de bidones pl\u00e1sticos sin contenido.<\/p>\n<p>A los curiosos y la poblaci\u00f3n en general se les inform\u00f3 que no hab\u00eda peligro por el humo que sal\u00eda de una de las dependencias de la planta. Sin que hubiera voces oficiales, se anunci\u00f3 que por causas que se tratan de establecer se incendiaron unos bidones que estaban vac\u00edos.<\/p>\n<p>La presencia de Polic\u00eda Ecol\u00f3gica ratific\u00f3 que no hab\u00eda peligro en cuanto a las sustancias que ard\u00edan, las que se asimilaban a pl\u00e1stico.<\/p>\n<p>Un cami\u00f3n cisterna de Bomberos Voluntarios de Ramallo vino en apoyo de las unidades que comenzaron las tareas de extensi\u00f3n del siniestro. Cuando personal municipal quiso interiorizarse sobre lo sucedido, le fue prohibido el ingreso, gener\u00e1ndose una situaci\u00f3n de tensi\u00f3n. En ese mismo momento, se realiz\u00f3 un acta donde qued\u00f3 la novedad asentada.<\/p>\n<p>En esta f\u00e1brica se sintetizan humectantes y adem\u00e1s se formulan herbicidas Dicamba, Imazetapir e insecticidas como Cipermetrina y Clorpirifos.<\/p>\n<p>Algunos de los testigos del siniestro indicaron que la planta tiene reducida su producci\u00f3n por orden judicial y que pr\u00e1cticamente no hay actividades los fines de semana.<\/p>\n","protected":false},"excerpt":{"rendered":"<p>Una explosi\u00f3n seguida de un espiral negro de humo denso se sinti\u00f3 en las inmediaciones de la planta de Atanor en Subiza al 1100. Bomberos, polic\u00eda y ambulancias respondieron a la emergencia. Una hora despu\u00e9s se inform\u00f3 que no hab\u00eda riesgo t\u00f3xico. Vecinos y curiosos se agolparon en los alrededores en procura de conocer qu\u00e9 [&hellip;]<\/p>\n","protected":false},"author":4,"featured_media":10498,"comment_status":"open","ping_status":"closed","sticky":false,"template":"","format":"standard","meta":{"om_disable_all_campaigns":false,"_jetpack_memberships_contains_paid_content":false,"footnotes":""},"categories":[50,621],"tags":[],"class_list":["post-10497","post","type-post","status-publish","format-standard","has-post-thumbnail","hentry","category-destacadas","category-regionales"],"aioseo_notices":[],"gutentor_comment":0,"jetpack_featured_media_url":"https:\/\/eldiariodesanpedro.com.ar\/sitio\/wp-content\/uploads\/2016\/11\/PAGINA-6-9.jpg","jetpack_shortlink":"https:\/\/wp.me\/p6RhLt-2Jj","jetpack_sharing_enabled":true,"_links":{"self":[{"href":"https:\/\/eldiariodesanpedro.com.ar\/sitio\/wp-json\/wp\/v2\/posts\/10497","targetHints":{"allow":["GET"]}}],"collection":[{"href":"https:\/\/eldiariodesanpedro.com.ar\/sitio\/wp-json\/wp\/v2\/posts"}],"about":[{"href":"https:\/\/eldiariodesanpedro.com.ar\/sitio\/wp-json\/wp\/v2\/types\/post"}],"author":[{"embeddable":true,"href":"https:\/\/eldiariodesanpedro.com.ar\/sitio\/wp-json\/wp\/v2\/users\/4"}],"replies":[{"embeddable":true,"href":"https:\/\/eldiariodesanpedro.com.ar\/sitio\/wp-json\/wp\/v2\/comments?post=10497"}],"version-history":[{"count":1,"href":"https:\/\/eldiariodesanpedro.com.ar\/sitio\/wp-json\/wp\/v2\/posts\/10497\/revisions"}],"predecessor-version":[{"id":10499,"href":"https:\/\/eldiariodesanpedro.com.ar\/sitio\/wp-json\/wp\/v2\/posts\/10497\/revisions\/10499"}],"wp:featuredmedia":[{"embeddable":true,"href":"https:\/\/eldiariodesanpedro.com.ar\/sitio\/wp-json\/wp\/v2\/media\/10498"}],"wp:attachment":[{"href":"https:\/\/eldiariodesanpedro.com.ar\/sitio\/wp-json\/wp\/v2\/media?parent=10497"}],"wp:term":[{"taxonomy":"category","embeddable":true,"href":"https:\/\/eldiariodesanpedro.com.ar\/sitio\/wp-json\/wp\/v2\/categories?post=10497"},{"taxonomy":"post_tag","embeddable":true,"href":"https:\/\/eldiariodesanpedro.com.ar\/sitio\/wp-json\/wp\/v2\/tags?post=10497"}],"curies":[{"name":"wp","href":"https:\/\/api.w.org\/{rel}","templated":true}]}}