{"id":104950,"date":"2022-03-11T16:54:20","date_gmt":"2022-03-11T19:54:20","guid":{"rendered":"https:\/\/eldiariodesanpedro.com.ar\/sitio\/?p=104950"},"modified":"2022-03-11T16:54:20","modified_gmt":"2022-03-11T19:54:20","slug":"denuncian-un-posible-caso-de-abuso-de-una-mujer-trans-en-la-via-publica-esta-madrugada","status":"publish","type":"post","link":"https:\/\/eldiariodesanpedro.com.ar\/sitio\/denuncian-un-posible-caso-de-abuso-de-una-mujer-trans-en-la-via-publica-esta-madrugada\/","title":{"rendered":"Denuncian un posible caso de abuso de una mujer trans en la v\u00eda p\u00fablica esta madrugada"},"content":{"rendered":"<!-- VideographyWP Plugin Message: Automatic video embedding prevented by plugin options. -->\n\n<p>Este viernes se realiz\u00f3 en la Comisar\u00eda de la Mujer y la Familia una denuncia de un posible abuso de una mujer trans, el hecho ocurri\u00f3 durante la madrugada de hoy.<\/p>\n\n\n\n<p>En la jornada de hoy la polic\u00eda de nuestra ciudad investiga el posible caso de una mujer trans que habr\u00eda sido abusada alrededor de las 03 hs en calle Pellegrini al 2500 en un autom\u00f3vil sobre la v\u00eda p\u00fablica.<\/p>\n\n\n\n<p>Tras la presentaci\u00f3n se trata de establecer c\u00f3mo ocurri\u00f3 el hecho, ya que en una primera denuncia se inform\u00f3 que la v\u00edctima podr\u00eda encontrarse bajo el efecto de estupefacientes.<\/p>\n\n\n\n<p>Ma\u00f1ana a la mujer abusada viajar\u00e1 a San Nicol\u00e1s donde se realizar\u00e1n las pericias de rigor para determinar si hubo abuso.<\/p>\n\n\n\n<p><\/p>\n\n\n\n<p><\/p>\n\n\n\n<p><\/p>\n","protected":false},"excerpt":{"rendered":"<p>Este viernes se realiz\u00f3 en la Comisar\u00eda de la Mujer y la Familia una denuncia de un posible abuso de una mujer trans, el hecho ocurri\u00f3 durante la madrugada de hoy. En la jornada de hoy la polic\u00eda de nuestra ciudad investiga el posible caso de una mujer trans que habr\u00eda sido abusada alrededor de [&hellip;]<\/p>\n","protected":false},"author":4,"featured_media":6962,"comment_status":"closed","ping_status":"","sticky":false,"template":"","format":"standard","meta":{"om_disable_all_campaigns":false,"_jetpack_memberships_contains_paid_content":false,"footnotes":""},"categories":[50,2,103],"tags":[197,2769,33,95,19],"class_list":["post-104950","post","type-post","status-publish","format-standard","has-post-thumbnail","hentry","category-destacadas","category-locales","category-policiales-locales","tag-buenos-aires","tag-denuncian-un-posible-caso-de-abuso-de-una-mujer-trans-en-la-via-publica-esta-madrugada","tag-locales","tag-policiales","tag-san-pedro"],"aioseo_notices":[],"gutentor_comment":0,"jetpack_featured_media_url":"https:\/\/eldiariodesanpedro.com.ar\/sitio\/wp-content\/uploads\/2016\/08\/abuso_sexual_0.jpg","jetpack_shortlink":"https:\/\/wp.me\/p6RhLt-riK","jetpack_sharing_enabled":true,"_links":{"self":[{"href":"https:\/\/eldiariodesanpedro.com.ar\/sitio\/wp-json\/wp\/v2\/posts\/104950","targetHints":{"allow":["GET"]}}],"collection":[{"href":"https:\/\/eldiariodesanpedro.com.ar\/sitio\/wp-json\/wp\/v2\/posts"}],"about":[{"href":"https:\/\/eldiariodesanpedro.com.ar\/sitio\/wp-json\/wp\/v2\/types\/post"}],"author":[{"embeddable":true,"href":"https:\/\/eldiariodesanpedro.com.ar\/sitio\/wp-json\/wp\/v2\/users\/4"}],"replies":[{"embeddable":true,"href":"https:\/\/eldiariodesanpedro.com.ar\/sitio\/wp-json\/wp\/v2\/comments?post=104950"}],"version-history":[{"count":1,"href":"https:\/\/eldiariodesanpedro.com.ar\/sitio\/wp-json\/wp\/v2\/posts\/104950\/revisions"}],"predecessor-version":[{"id":104951,"href":"https:\/\/eldiariodesanpedro.com.ar\/sitio\/wp-json\/wp\/v2\/posts\/104950\/revisions\/104951"}],"wp:featuredmedia":[{"embeddable":true,"href":"https:\/\/eldiariodesanpedro.com.ar\/sitio\/wp-json\/wp\/v2\/media\/6962"}],"wp:attachment":[{"href":"https:\/\/eldiariodesanpedro.com.ar\/sitio\/wp-json\/wp\/v2\/media?parent=104950"}],"wp:term":[{"taxonomy":"category","embeddable":true,"href":"https:\/\/eldiariodesanpedro.com.ar\/sitio\/wp-json\/wp\/v2\/categories?post=104950"},{"taxonomy":"post_tag","embeddable":true,"href":"https:\/\/eldiariodesanpedro.com.ar\/sitio\/wp-json\/wp\/v2\/tags?post=104950"}],"curies":[{"name":"wp","href":"https:\/\/api.w.org\/{rel}","templated":true}]}}