{"id":104947,"date":"2022-03-11T13:46:26","date_gmt":"2022-03-11T16:46:26","guid":{"rendered":"https:\/\/eldiariodesanpedro.com.ar\/sitio\/?p=104947"},"modified":"2022-03-11T13:46:27","modified_gmt":"2022-03-11T16:46:27","slug":"8m-segundo-encuentro-de-mujeres-y-disidencias-en-baradero","status":"publish","type":"post","link":"https:\/\/eldiariodesanpedro.com.ar\/sitio\/8m-segundo-encuentro-de-mujeres-y-disidencias-en-baradero\/","title":{"rendered":"#8M: Segundo encuentro de mujeres y disidencias en Baradero"},"content":{"rendered":"<!-- VideographyWP Plugin Message: Automatic video embedding prevented by plugin options. -->\n\n<p>Este s\u00e1bado 12, organizaciones feministas y de diversidad de Baradero concretar\u00e1n la segunda edici\u00f3n del encuentro, con talleres sobre Ambiente, acceso a la Justicia y un panel debate con la presencia de la directora regional del ministerio de las Mujeres, Pol\u00edticas de G\u00e9nero y Diversidad bonaerense, Marcela Isarra, y Nadia Quiroga, periodista feminista. Para el cierre est\u00e1 previsto un festival musical, con la actuaci\u00f3n de Sirenas del Paran\u00e1 y Trinidad Cortez, entre otras artistas.<\/p>\n\n\n\n<p>En el marco de las actividades por el<strong>&nbsp;d\u00eda internacional de la Mujer Trabajadora<\/strong>, organizaciones nucleadas en Feminismo Popular Baradero convocan a la&nbsp;<strong>segunda edici\u00f3n del Encuentro de Mujeres y Disidencias<\/strong>, que se concretar\u00e1 este&nbsp;<strong>s\u00e1bado 12 desde las 15.00 en el Parque Sarmiento de Baradero<\/strong>.<\/p>\n\n\n\n<p>Seg\u00fan fue detallado desde la organizaci\u00f3n, a las<strong>&nbsp;16.00 est\u00e1 previsto un taller sobre Ambiente<\/strong>, problem\u00e1tica central en la agenda regional de los feminismos; mientras que a las&nbsp;<strong>17.00 se concretar\u00e1 un taller sobre acceso a la Justicia<\/strong>, en respuesta a uno de los reclamos centrales de la jornada, la reforma judicial feminista.<\/p>\n\n\n\n<p>A las 18.00, en tanto, se concretar\u00e1 un&nbsp;<strong>panel debate de cierre<\/strong>, con la presencia de la<strong>&nbsp;directora regional del ministerio de las Mujeres, Pol\u00edticas de G\u00e9nero y Diversidad, Marcela Isarra<\/strong>; y la&nbsp;<strong>periodista feminista Nadia Quiroga<\/strong>.<\/p>\n\n\n\n<p>Tras el encuentro tendr\u00e1 lugar la<strong>&nbsp;tercera edici\u00f3n del Festival de las Mujeres y Diversidades<\/strong>, en el que actuar\u00e1n artistas en vivo, como<strong>&nbsp;Sirenas del Paran\u00e1 y Trinidad Cortez; literatura, baile, la presencia de emprendedoras y la cantina a cargo del f\u00fatbol de mujeres<\/strong>. &nbsp;<\/p>\n\n\n\n<p>El Festival que tendr\u00e1 lugar en el Parque Sarmiento es organizado por el Feminismo Popular y auspiciado por el municipio.<\/p>\n\n\n\n<p>Fuente: <a href=\"https:\/\/www.visionregional.com.ar\/noticia\/8m-segundo-encuentro-de-mujeres-y-disidencias-en-baradero-1646998750.html\">Vision Regional<\/a><\/p>\n","protected":false},"excerpt":{"rendered":"<p>Este s\u00e1bado 12, organizaciones feministas y de diversidad de Baradero concretar\u00e1n la segunda edici\u00f3n del encuentro, con talleres sobre Ambiente, acceso a la Justicia y un panel debate con la presencia de la directora regional del ministerio de las Mujeres, Pol\u00edticas de G\u00e9nero y Diversidad bonaerense, Marcela Isarra, y Nadia Quiroga, periodista feminista. Para el [&hellip;]<\/p>\n","protected":false},"author":4,"featured_media":104948,"comment_status":"closed","ping_status":"closed","sticky":false,"template":"","format":"standard","meta":{"om_disable_all_campaigns":false,"_jetpack_memberships_contains_paid_content":false,"footnotes":""},"categories":[101,2],"tags":[197,696,33,19],"class_list":["post-104947","post","type-post","status-publish","format-standard","has-post-thumbnail","hentry","category-interes-general-locales","category-locales","tag-buenos-aires","tag-interes-general","tag-locales","tag-san-pedro"],"aioseo_notices":[],"gutentor_comment":0,"jetpack_featured_media_url":"https:\/\/eldiariodesanpedro.com.ar\/sitio\/wp-content\/uploads\/2022\/03\/baradero-8m.jpg","jetpack_shortlink":"https:\/\/wp.me\/p6RhLt-riH","jetpack_sharing_enabled":true,"_links":{"self":[{"href":"https:\/\/eldiariodesanpedro.com.ar\/sitio\/wp-json\/wp\/v2\/posts\/104947","targetHints":{"allow":["GET"]}}],"collection":[{"href":"https:\/\/eldiariodesanpedro.com.ar\/sitio\/wp-json\/wp\/v2\/posts"}],"about":[{"href":"https:\/\/eldiariodesanpedro.com.ar\/sitio\/wp-json\/wp\/v2\/types\/post"}],"author":[{"embeddable":true,"href":"https:\/\/eldiariodesanpedro.com.ar\/sitio\/wp-json\/wp\/v2\/users\/4"}],"replies":[{"embeddable":true,"href":"https:\/\/eldiariodesanpedro.com.ar\/sitio\/wp-json\/wp\/v2\/comments?post=104947"}],"version-history":[{"count":1,"href":"https:\/\/eldiariodesanpedro.com.ar\/sitio\/wp-json\/wp\/v2\/posts\/104947\/revisions"}],"predecessor-version":[{"id":104949,"href":"https:\/\/eldiariodesanpedro.com.ar\/sitio\/wp-json\/wp\/v2\/posts\/104947\/revisions\/104949"}],"wp:featuredmedia":[{"embeddable":true,"href":"https:\/\/eldiariodesanpedro.com.ar\/sitio\/wp-json\/wp\/v2\/media\/104948"}],"wp:attachment":[{"href":"https:\/\/eldiariodesanpedro.com.ar\/sitio\/wp-json\/wp\/v2\/media?parent=104947"}],"wp:term":[{"taxonomy":"category","embeddable":true,"href":"https:\/\/eldiariodesanpedro.com.ar\/sitio\/wp-json\/wp\/v2\/categories?post=104947"},{"taxonomy":"post_tag","embeddable":true,"href":"https:\/\/eldiariodesanpedro.com.ar\/sitio\/wp-json\/wp\/v2\/tags?post=104947"}],"curies":[{"name":"wp","href":"https:\/\/api.w.org\/{rel}","templated":true}]}}