{"id":104944,"date":"2022-03-11T13:38:33","date_gmt":"2022-03-11T16:38:33","guid":{"rendered":"https:\/\/eldiariodesanpedro.com.ar\/sitio\/?p=104944"},"modified":"2022-03-11T13:38:34","modified_gmt":"2022-03-11T16:38:34","slug":"hcd-proponen-la-creacion-de-un-registro-unico-de-musicos","status":"publish","type":"post","link":"https:\/\/eldiariodesanpedro.com.ar\/sitio\/hcd-proponen-la-creacion-de-un-registro-unico-de-musicos\/","title":{"rendered":"HCD: Proponen la creaci\u00f3n de un Registro \u00danico de M\u00fasicos"},"content":{"rendered":"<!-- VideographyWP Plugin Message: Automatic video embedding prevented by plugin options. -->\n\n<p>Este jueves, en la primera sesi\u00f3n ordinaria del a\u00f1o, ingresar\u00e1 un proyecto con la firma de la y los concejales de Juntos, presididos por Alejandro Donatti, que crea un registro de artistas locales para poder ser considerados para eventos p\u00fablicos y privados. La iniciativa emula la ya existente en Baradero, implementada por la gesti\u00f3n de Sanzio, adhiriendo ambas a la \u00abLey de la M\u00fasica\u00bb, sancionada en 2012.<\/p>\n\n\n\n<p>Este jueves ingresar\u00e1 formalmente al Concejo Deliberante un&nbsp;<strong>proyecto de creaci\u00f3n de un Registro \u00fanico de m\u00fasicos locales<\/strong>, con la firma de los concejales Alejandro&nbsp;<strong>Donatti<\/strong>, Hugo&nbsp;<strong>Binimelis&nbsp;<\/strong>y Lucas&nbsp;<strong>Pisani<\/strong>, y la concejala Paola&nbsp;<strong>Basso<\/strong>, que establece la&nbsp;<strong>adhesi\u00f3n a la Ley de la M\u00fasica,<\/strong>&nbsp;creando una herramienta para garantizar la contrataci\u00f3n y difusi\u00f3n de artistas locales.<\/p>\n\n\n\n<p>La iniciativa, que<strong>&nbsp;ya se aplica en otros distritos como Baradero<\/strong>, permite que tanto para eventos p\u00fablicos como privados, se pueda disponer de este cat\u00e1logo de artistas para su contrataci\u00f3n. En la vecina ciudad, el listado fue implementado por el actual secretario de Gobierno Nicol\u00e1s Moreira cuando se desempe\u00f1aba como responsable de Cultura, en la gesti\u00f3n de Esteban Sanzio y ha permitido, adem\u00e1s,&nbsp;<strong>desarrollar pol\u00edticas p\u00fablicas para el sector<\/strong>&nbsp;durante la pandemia, al contar con un registro actualizado de qui\u00e9nes eran los artistas locales.<\/p>\n\n\n\n<p>Seg\u00fan consta en el proyecto presentado localmente por el espacio opositor, la iniciativa \u00abtiene el fin de&nbsp;<strong>brindar una herramienta a nuestros artistas locales<\/strong>, aquellos que no tienen la masividad que otros poseen, pero que as\u00ed mismo se destacan y son reconocidos por los vecinos por su silencioso trabajo, muchas veces sin las condiciones m\u00ednimas de estructura, pero con la firme convicci\u00f3n y vocaci\u00f3n de hacer arte\u00bb.<\/p>\n\n\n\n<p>Por ello propone la creaci\u00f3n del Registro \u00danico de M\u00fasicos y Agrupaciones Musicales, cuya&nbsp;<strong>inscripci\u00f3n ser\u00e1 digital, dentro del dominio web de la Municipalidad de San Pedro,<\/strong>&nbsp;con calidad de gratuita\u00bb. Adem\u00e1s se podr\u00e1n incluir en este registro, material auditivo o audiovisual, y una biograf\u00eda de cada artista o banda.&nbsp;<\/p>\n\n\n\n<p>La iniciativa contempla que, e<strong>n caso lleguen a nuestra ciudad artistas de otros puntos del pa\u00eds o incluso otros pa\u00edses, se deber\u00e1 asimismo contratar a un m\u00fasico o agrupaci\u00f3n musical local<\/strong>, que est\u00e9 inscripto en el registro, para que act\u00fae en la misma fecha.&nbsp;<\/p>\n\n\n\n<p>Adem\u00e1s establece que \u00abdeber\u00e1 existir una&nbsp;<strong>rotaci\u00f3n equitativa de los artistas participantes<\/strong>, estableciendo criterios de similitud con el espect\u00e1culo a realizar\u00bb.<\/p>\n\n\n\n<p>La propuesta deber\u00e1 ser debatida en comisi\u00f3n antes de su tratamiento formal en el recinto y, en caso de ser aprobada, su implementaci\u00f3n recaer\u00e1 en la secretar\u00eda de Turismo y Cultura que hoy encabeza Marcela Cu\u00f1er.<\/p>\n\n\n\n<p>Fuente: <a href=\"https:\/\/www.visionregional.com.ar\/noticia\/hcd-proponen-la-creacion-de-un-registro-unico-de-musicos-1646914148.html\">Vision Regional <\/a><\/p>\n","protected":false},"excerpt":{"rendered":"<p>Este jueves, en la primera sesi\u00f3n ordinaria del a\u00f1o, ingresar\u00e1 un proyecto con la firma de la y los concejales de Juntos, presididos por Alejandro Donatti, que crea un registro de artistas locales para poder ser considerados para eventos p\u00fablicos y privados. La iniciativa emula la ya existente en Baradero, implementada por la gesti\u00f3n de [&hellip;]<\/p>\n","protected":false},"author":4,"featured_media":104945,"comment_status":"closed","ping_status":"closed","sticky":false,"template":"","format":"standard","meta":{"om_disable_all_campaigns":false,"_jetpack_memberships_contains_paid_content":false,"footnotes":""},"categories":[101,2],"tags":[197,696,33,19],"class_list":["post-104944","post","type-post","status-publish","format-standard","has-post-thumbnail","hentry","category-interes-general-locales","category-locales","tag-buenos-aires","tag-interes-general","tag-locales","tag-san-pedro"],"aioseo_notices":[],"gutentor_comment":0,"jetpack_featured_media_url":"https:\/\/eldiariodesanpedro.com.ar\/sitio\/wp-content\/uploads\/2022\/03\/La-V-de-Pototo.jpg","jetpack_shortlink":"https:\/\/wp.me\/p6RhLt-riE","jetpack_sharing_enabled":true,"_links":{"self":[{"href":"https:\/\/eldiariodesanpedro.com.ar\/sitio\/wp-json\/wp\/v2\/posts\/104944","targetHints":{"allow":["GET"]}}],"collection":[{"href":"https:\/\/eldiariodesanpedro.com.ar\/sitio\/wp-json\/wp\/v2\/posts"}],"about":[{"href":"https:\/\/eldiariodesanpedro.com.ar\/sitio\/wp-json\/wp\/v2\/types\/post"}],"author":[{"embeddable":true,"href":"https:\/\/eldiariodesanpedro.com.ar\/sitio\/wp-json\/wp\/v2\/users\/4"}],"replies":[{"embeddable":true,"href":"https:\/\/eldiariodesanpedro.com.ar\/sitio\/wp-json\/wp\/v2\/comments?post=104944"}],"version-history":[{"count":1,"href":"https:\/\/eldiariodesanpedro.com.ar\/sitio\/wp-json\/wp\/v2\/posts\/104944\/revisions"}],"predecessor-version":[{"id":104946,"href":"https:\/\/eldiariodesanpedro.com.ar\/sitio\/wp-json\/wp\/v2\/posts\/104944\/revisions\/104946"}],"wp:featuredmedia":[{"embeddable":true,"href":"https:\/\/eldiariodesanpedro.com.ar\/sitio\/wp-json\/wp\/v2\/media\/104945"}],"wp:attachment":[{"href":"https:\/\/eldiariodesanpedro.com.ar\/sitio\/wp-json\/wp\/v2\/media?parent=104944"}],"wp:term":[{"taxonomy":"category","embeddable":true,"href":"https:\/\/eldiariodesanpedro.com.ar\/sitio\/wp-json\/wp\/v2\/categories?post=104944"},{"taxonomy":"post_tag","embeddable":true,"href":"https:\/\/eldiariodesanpedro.com.ar\/sitio\/wp-json\/wp\/v2\/tags?post=104944"}],"curies":[{"name":"wp","href":"https:\/\/api.w.org\/{rel}","templated":true}]}}