{"id":104934,"date":"2022-03-11T11:22:49","date_gmt":"2022-03-11T14:22:49","guid":{"rendered":"https:\/\/eldiariodesanpedro.com.ar\/sitio\/?p=104934"},"modified":"2022-03-11T11:22:49","modified_gmt":"2022-03-11T14:22:49","slug":"quiso-recuperar-la-moto-robada-de-un-amigo-y-le-robaron-la-de-el","status":"publish","type":"post","link":"https:\/\/eldiariodesanpedro.com.ar\/sitio\/quiso-recuperar-la-moto-robada-de-un-amigo-y-le-robaron-la-de-el\/","title":{"rendered":"Quiso recuperar la moto robada de un amigo y le robaron la de \u00e9l"},"content":{"rendered":"<!-- VideographyWP Plugin Message: Automatic video embedding prevented by plugin options. -->\n\n<p>En la tarde de ayer, en calle Gomila 150 se procedi\u00f3 a la aprehensi\u00f3n de un joven menor de 17 a\u00f1os y secuestro de motocicleta 150cc sustra\u00edda instantes antes en inmediaciones sin violencia, propiedad de ciudadano de 24 a\u00f1os de edad.&nbsp;<\/p>\n\n\n\n<p>La v\u00edctima se hab\u00eda acercado al lugar en dicha motocicleta, quit\u00e1ndole otra moto del tipo 110cc al mismo menor, la cual tambi\u00e9n era robada a un amigo de 22 a\u00f1os,&nbsp; en la noche anterior de la vereda de Ayacucho y Combate de Obligado, ya que la reconoci\u00f3 al verlo circular y lo persigui\u00f3.<\/p>\n\n\n\n<p>En el descuido por recuperar la motocicleta 110cc de su amigo, el menor con ayuda de familiares que salieron en defensa con agresividad, logr\u00f3 escapar y&nbsp; fue el mismo menor que sustrajo la restante motocicleta 150 cc recuperada por la Polic\u00eda que a su vez lo aprehendieron.&nbsp;<\/p>\n\n\n\n<p>Ambos rodados recuperados fueron devueltos a sus propietarios. Interviene la fiscal\u00eda juvenil de San Nicol\u00e1s.&nbsp;<\/p>\n","protected":false},"excerpt":{"rendered":"<p>En la tarde de ayer, en calle Gomila 150 se procedi\u00f3 a la aprehensi\u00f3n de un joven menor de 17 a\u00f1os y secuestro de motocicleta 150cc sustra\u00edda instantes antes en inmediaciones sin violencia, propiedad de ciudadano de 24 a\u00f1os de edad.&nbsp; La v\u00edctima se hab\u00eda acercado al lugar en dicha motocicleta, quit\u00e1ndole otra moto del [&hellip;]<\/p>\n","protected":false},"author":4,"featured_media":104935,"comment_status":"closed","ping_status":"closed","sticky":false,"template":"","format":"standard","meta":{"om_disable_all_campaigns":false,"_jetpack_memberships_contains_paid_content":false,"footnotes":""},"categories":[50,101,2],"tags":[197,696,33,19],"class_list":["post-104934","post","type-post","status-publish","format-standard","has-post-thumbnail","hentry","category-destacadas","category-interes-general-locales","category-locales","tag-buenos-aires","tag-interes-general","tag-locales","tag-san-pedro"],"aioseo_notices":[],"gutentor_comment":0,"jetpack_featured_media_url":"https:\/\/eldiariodesanpedro.com.ar\/sitio\/wp-content\/uploads\/2022\/03\/medida-3.jpg","jetpack_shortlink":"https:\/\/wp.me\/p6RhLt-riu","jetpack_sharing_enabled":true,"_links":{"self":[{"href":"https:\/\/eldiariodesanpedro.com.ar\/sitio\/wp-json\/wp\/v2\/posts\/104934","targetHints":{"allow":["GET"]}}],"collection":[{"href":"https:\/\/eldiariodesanpedro.com.ar\/sitio\/wp-json\/wp\/v2\/posts"}],"about":[{"href":"https:\/\/eldiariodesanpedro.com.ar\/sitio\/wp-json\/wp\/v2\/types\/post"}],"author":[{"embeddable":true,"href":"https:\/\/eldiariodesanpedro.com.ar\/sitio\/wp-json\/wp\/v2\/users\/4"}],"replies":[{"embeddable":true,"href":"https:\/\/eldiariodesanpedro.com.ar\/sitio\/wp-json\/wp\/v2\/comments?post=104934"}],"version-history":[{"count":1,"href":"https:\/\/eldiariodesanpedro.com.ar\/sitio\/wp-json\/wp\/v2\/posts\/104934\/revisions"}],"predecessor-version":[{"id":104936,"href":"https:\/\/eldiariodesanpedro.com.ar\/sitio\/wp-json\/wp\/v2\/posts\/104934\/revisions\/104936"}],"wp:featuredmedia":[{"embeddable":true,"href":"https:\/\/eldiariodesanpedro.com.ar\/sitio\/wp-json\/wp\/v2\/media\/104935"}],"wp:attachment":[{"href":"https:\/\/eldiariodesanpedro.com.ar\/sitio\/wp-json\/wp\/v2\/media?parent=104934"}],"wp:term":[{"taxonomy":"category","embeddable":true,"href":"https:\/\/eldiariodesanpedro.com.ar\/sitio\/wp-json\/wp\/v2\/categories?post=104934"},{"taxonomy":"post_tag","embeddable":true,"href":"https:\/\/eldiariodesanpedro.com.ar\/sitio\/wp-json\/wp\/v2\/tags?post=104934"}],"curies":[{"name":"wp","href":"https:\/\/api.w.org\/{rel}","templated":true}]}}