{"id":10493,"date":"2016-11-21T18:53:54","date_gmt":"2016-11-21T21:53:54","guid":{"rendered":"https:\/\/eldiariodesanpedro.com.ar\/sitio\/?p=10493"},"modified":"2016-11-21T18:54:18","modified_gmt":"2016-11-21T21:54:18","slug":"vecinos-denunciaron-una-fuga-de-amoniaco-de-una-camara-frigorifica","status":"publish","type":"post","link":"https:\/\/eldiariodesanpedro.com.ar\/sitio\/vecinos-denunciaron-una-fuga-de-amoniaco-de-una-camara-frigorifica\/","title":{"rendered":"Vecinos denunciaron una fuga de amoniaco de una c\u00e1mara frigor\u00edfica"},"content":{"rendered":"<p><!-- VideographyWP Plugin Message: Automatic video embedding prevented by plugin options. --><br \/>\nLa situaci\u00f3n se produjo el s\u00e1bado por la noche, cerca de las 21.00 y caus\u00f3 preocupaci\u00f3n en la zona cercanas a Frutales, en calle Zan\u00faccolli y Basavilbaso, en el barrio de Villa Igoillo.<\/p>\n<p>Vecinos advirtieron en horas de la noche que del lugar emanaba un fuerte olor, lo que caus\u00f3 temor de los vecinos y es por ello que convocaron a los Bomberos Voluntarios.<\/p>\n<p>\u201cHubo una denuncia de los vecinos que sent\u00eda olor fuerte, fuimos a verificar\u201d, sostuvo el comandante mayor Silvio Torrens. Seg\u00fan se pudo establecer, se trataba de una filtraci\u00f3n de amoniaco de la c\u00e1mara. \u201cHab\u00eda personal haciendo reparaciones y hubo una fuga\u201d. \u201cSe estaba retiraron unas bombas, pero solo era un poco de olor\u201d, sostuvo Torrens.<\/p>\n<p>Lo cierto es que a muchas personas les ocasion\u00f3 dificultades para respirar y tambi\u00e9n les lloraban los ojos. Se recomend\u00f3 a los vecinos que se quedaran en sus viviendas hasta que los trabajos pudieran ser controlados, situaci\u00f3n que se produjo minutos.<\/p>\n","protected":false},"excerpt":{"rendered":"<p>La situaci\u00f3n se produjo el s\u00e1bado por la noche, cerca de las 21.00 y caus\u00f3 preocupaci\u00f3n en la zona cercanas a Frutales, en calle Zan\u00faccolli y Basavilbaso, en el barrio de Villa Igoillo. Vecinos advirtieron en horas de la noche que del lugar emanaba un fuerte olor, lo que caus\u00f3 temor de los vecinos y [&hellip;]<\/p>\n","protected":false},"author":4,"featured_media":10494,"comment_status":"open","ping_status":"closed","sticky":false,"template":"","format":"standard","meta":{"om_disable_all_campaigns":false,"_jetpack_memberships_contains_paid_content":false,"footnotes":""},"categories":[101,2],"tags":[],"class_list":["post-10493","post","type-post","status-publish","format-standard","has-post-thumbnail","hentry","category-interes-general-locales","category-locales"],"aioseo_notices":[],"gutentor_comment":0,"jetpack_featured_media_url":"https:\/\/eldiariodesanpedro.com.ar\/sitio\/wp-content\/uploads\/2016\/11\/bomberos-voluntarios.jpg","jetpack_shortlink":"https:\/\/wp.me\/p6RhLt-2Jf","jetpack_sharing_enabled":true,"_links":{"self":[{"href":"https:\/\/eldiariodesanpedro.com.ar\/sitio\/wp-json\/wp\/v2\/posts\/10493","targetHints":{"allow":["GET"]}}],"collection":[{"href":"https:\/\/eldiariodesanpedro.com.ar\/sitio\/wp-json\/wp\/v2\/posts"}],"about":[{"href":"https:\/\/eldiariodesanpedro.com.ar\/sitio\/wp-json\/wp\/v2\/types\/post"}],"author":[{"embeddable":true,"href":"https:\/\/eldiariodesanpedro.com.ar\/sitio\/wp-json\/wp\/v2\/users\/4"}],"replies":[{"embeddable":true,"href":"https:\/\/eldiariodesanpedro.com.ar\/sitio\/wp-json\/wp\/v2\/comments?post=10493"}],"version-history":[{"count":2,"href":"https:\/\/eldiariodesanpedro.com.ar\/sitio\/wp-json\/wp\/v2\/posts\/10493\/revisions"}],"predecessor-version":[{"id":10496,"href":"https:\/\/eldiariodesanpedro.com.ar\/sitio\/wp-json\/wp\/v2\/posts\/10493\/revisions\/10496"}],"wp:featuredmedia":[{"embeddable":true,"href":"https:\/\/eldiariodesanpedro.com.ar\/sitio\/wp-json\/wp\/v2\/media\/10494"}],"wp:attachment":[{"href":"https:\/\/eldiariodesanpedro.com.ar\/sitio\/wp-json\/wp\/v2\/media?parent=10493"}],"wp:term":[{"taxonomy":"category","embeddable":true,"href":"https:\/\/eldiariodesanpedro.com.ar\/sitio\/wp-json\/wp\/v2\/categories?post=10493"},{"taxonomy":"post_tag","embeddable":true,"href":"https:\/\/eldiariodesanpedro.com.ar\/sitio\/wp-json\/wp\/v2\/tags?post=10493"}],"curies":[{"name":"wp","href":"https:\/\/api.w.org\/{rel}","templated":true}]}}