{"id":104915,"date":"2022-03-11T11:09:04","date_gmt":"2022-03-11T14:09:04","guid":{"rendered":"https:\/\/eldiariodesanpedro.com.ar\/sitio\/?p=104915"},"modified":"2022-03-11T11:09:05","modified_gmt":"2022-03-11T14:09:05","slug":"expoagro-2022-tercera-jornada-extendida-por-lluvia","status":"publish","type":"post","link":"https:\/\/eldiariodesanpedro.com.ar\/sitio\/expoagro-2022-tercera-jornada-extendida-por-lluvia\/","title":{"rendered":"Expoagro 2022: Tercera jornada extendida por lluvia"},"content":{"rendered":"<!-- VideographyWP Plugin Message: Automatic video embedding prevented by plugin options. -->\n\n<p>Este jueves se realiz\u00f3 la tercera jornada de la mayor muestra agroindustrial a cielo abierto de la regi\u00f3n que se desarrolla en el predio ferial y aut\u00f3dromo de San Nicol\u00e1s. La actividad se extendi\u00f3 hasta las 21 hs debido a las condiciones clim\u00e1ticas del d\u00eda mi\u00e9rcoles que obligaron a suspender el encuentro.<\/p>\n\n\n\n<p>En esta ocasi\u00f3n visitaron el stand de la Municipalidad, que coordina la Secretar\u00eda de Desarrollo Econ\u00f3mico, los secretarios de Gobierno Pablo Vlaeminck, de Coordinaci\u00f3n Hern\u00e1n Contreras y de Econom\u00eda y Hacienda Fabi\u00e1n Rodr\u00edguez quienes junto al secretario de Desarrollo Econ\u00f3mico Mart\u00edn Baraybar, recorrieron el predio y mantuvieron una serie de reuniones.<\/p>\n\n\n\n<p>Hoy ser\u00e1 la \u00faltima jornada de la megamuestra y los organizadores decidieron extender el horario de cierre hasta las 21 hs. para potenciar a\u00fan m\u00e1s el gran ambiente de negocios, los v\u00ednculos y las oportunidades comerciales entre expositores y p\u00fablico visitante.<\/p>\n","protected":false},"excerpt":{"rendered":"<p>Este jueves se realiz\u00f3 la tercera jornada de la mayor muestra agroindustrial a cielo abierto de la regi\u00f3n que se desarrolla en el predio ferial y aut\u00f3dromo de San Nicol\u00e1s. La actividad se extendi\u00f3 hasta las 21 hs debido a las condiciones clim\u00e1ticas del d\u00eda mi\u00e9rcoles que obligaron a suspender el encuentro. En esta ocasi\u00f3n [&hellip;]<\/p>\n","protected":false},"author":4,"featured_media":104932,"comment_status":"closed","ping_status":"closed","sticky":false,"template":"","format":"standard","meta":{"om_disable_all_campaigns":false,"_jetpack_memberships_contains_paid_content":false,"footnotes":""},"categories":[50,101,2],"tags":[197,696,33,19],"class_list":["post-104915","post","type-post","status-publish","format-standard","has-post-thumbnail","hentry","category-destacadas","category-interes-general-locales","category-locales","tag-buenos-aires","tag-interes-general","tag-locales","tag-san-pedro"],"aioseo_notices":[],"gutentor_comment":0,"jetpack_featured_media_url":"https:\/\/eldiariodesanpedro.com.ar\/sitio\/wp-content\/uploads\/2022\/03\/WhatsApp-Image-2022-03-11-at-9.04.12-AM.jpeg","jetpack_shortlink":"https:\/\/wp.me\/p6RhLt-rib","jetpack_sharing_enabled":true,"_links":{"self":[{"href":"https:\/\/eldiariodesanpedro.com.ar\/sitio\/wp-json\/wp\/v2\/posts\/104915","targetHints":{"allow":["GET"]}}],"collection":[{"href":"https:\/\/eldiariodesanpedro.com.ar\/sitio\/wp-json\/wp\/v2\/posts"}],"about":[{"href":"https:\/\/eldiariodesanpedro.com.ar\/sitio\/wp-json\/wp\/v2\/types\/post"}],"author":[{"embeddable":true,"href":"https:\/\/eldiariodesanpedro.com.ar\/sitio\/wp-json\/wp\/v2\/users\/4"}],"replies":[{"embeddable":true,"href":"https:\/\/eldiariodesanpedro.com.ar\/sitio\/wp-json\/wp\/v2\/comments?post=104915"}],"version-history":[{"count":1,"href":"https:\/\/eldiariodesanpedro.com.ar\/sitio\/wp-json\/wp\/v2\/posts\/104915\/revisions"}],"predecessor-version":[{"id":104933,"href":"https:\/\/eldiariodesanpedro.com.ar\/sitio\/wp-json\/wp\/v2\/posts\/104915\/revisions\/104933"}],"wp:featuredmedia":[{"embeddable":true,"href":"https:\/\/eldiariodesanpedro.com.ar\/sitio\/wp-json\/wp\/v2\/media\/104932"}],"wp:attachment":[{"href":"https:\/\/eldiariodesanpedro.com.ar\/sitio\/wp-json\/wp\/v2\/media?parent=104915"}],"wp:term":[{"taxonomy":"category","embeddable":true,"href":"https:\/\/eldiariodesanpedro.com.ar\/sitio\/wp-json\/wp\/v2\/categories?post=104915"},{"taxonomy":"post_tag","embeddable":true,"href":"https:\/\/eldiariodesanpedro.com.ar\/sitio\/wp-json\/wp\/v2\/tags?post=104915"}],"curies":[{"name":"wp","href":"https:\/\/api.w.org\/{rel}","templated":true}]}}