{"id":104911,"date":"2022-03-11T11:05:06","date_gmt":"2022-03-11T14:05:06","guid":{"rendered":"https:\/\/eldiariodesanpedro.com.ar\/sitio\/?p=104911"},"modified":"2022-03-11T11:05:38","modified_gmt":"2022-03-11T14:05:38","slug":"manan-se-realiza-el-via-rock-solidario-2022","status":"publish","type":"post","link":"https:\/\/eldiariodesanpedro.com.ar\/sitio\/manan-se-realiza-el-via-rock-solidario-2022\/","title":{"rendered":"Ma\u00f1ana se realiza el V\u00eda Rock Solidario 2022"},"content":{"rendered":"<!-- VideographyWP Plugin Message: Automatic video embedding prevented by plugin options. -->\n\n<p>La Municipalidad de San Pedro a trav\u00e9s de la Secretar\u00eda de Turismo y Cultura y la Comisi\u00f3n Cultural del HCD acompa\u00f1a la organizaci\u00f3n del festival \u00abV\u00eda Rock 2022\u00bb. Este s\u00e1bado 12 de marzo, ser\u00e1 la 5\u00b0 edici\u00f3n de este evento solidario en el Anfiteatro del V\u00eda Crucis. Se solicita a quienes deseen disfrutar de una jornada con un gran homenaje a las mejores bandas del rock nacional, concurrir con un alimento no perecedero.<\/p>\n\n\n\n<p>&#x1f3b6; Grilla desde las 16 hs.<\/p>\n\n\n\n<p>&#x2705;-Pacto de los Hotentotes(tributo a Los Redondos)<\/p>\n\n\n\n<p>&#x2705;-El Naufrago Rock (Tributo a La Renga)<\/p>\n\n\n\n<p>&#x2705;-La Dos Cincuenta (Tributo a Alma Fuerte)<\/p>\n\n\n\n<p>&#x2705;-Quinta Ceremonia.<\/p>\n\n\n\n<p>&#x2705;-Colgados Rock and roll (Tributo Viejas -Locas\/Intoxicados)<\/p>\n\n\n\n<p>&#x2705;-La SubUrbana (tributo a Pappo)<\/p>\n\n\n\n<p>M\u00e1s informaci\u00f3n en: <a href=\"https:\/\/www.facebook.com\/RockSolidarioSanPedro\">https:\/\/www.facebook.com\/RockSolidarioSanPedro<\/a>\/<\/p>\n","protected":false},"excerpt":{"rendered":"<p>La Municipalidad de San Pedro a trav\u00e9s de la Secretar\u00eda de Turismo y Cultura y la Comisi\u00f3n Cultural del HCD acompa\u00f1a la organizaci\u00f3n del festival \u00abV\u00eda Rock 2022\u00bb. Este s\u00e1bado 12 de marzo, ser\u00e1 la 5\u00b0 edici\u00f3n de este evento solidario en el Anfiteatro del V\u00eda Crucis. Se solicita a quienes deseen disfrutar de una [&hellip;]<\/p>\n","protected":false},"author":4,"featured_media":104912,"comment_status":"closed","ping_status":"closed","sticky":false,"template":"","format":"standard","meta":{"om_disable_all_campaigns":false,"_jetpack_memberships_contains_paid_content":false,"footnotes":""},"categories":[50,101,2],"tags":[197,696,33,19],"class_list":["post-104911","post","type-post","status-publish","format-standard","has-post-thumbnail","hentry","category-destacadas","category-interes-general-locales","category-locales","tag-buenos-aires","tag-interes-general","tag-locales","tag-san-pedro"],"aioseo_notices":[],"gutentor_comment":0,"jetpack_featured_media_url":"https:\/\/eldiariodesanpedro.com.ar\/sitio\/wp-content\/uploads\/2022\/03\/WhatsApp-Image-2022-03-11-at-8.23.09-AM.jpeg","jetpack_shortlink":"https:\/\/wp.me\/p6RhLt-ri7","jetpack_sharing_enabled":true,"_links":{"self":[{"href":"https:\/\/eldiariodesanpedro.com.ar\/sitio\/wp-json\/wp\/v2\/posts\/104911","targetHints":{"allow":["GET"]}}],"collection":[{"href":"https:\/\/eldiariodesanpedro.com.ar\/sitio\/wp-json\/wp\/v2\/posts"}],"about":[{"href":"https:\/\/eldiariodesanpedro.com.ar\/sitio\/wp-json\/wp\/v2\/types\/post"}],"author":[{"embeddable":true,"href":"https:\/\/eldiariodesanpedro.com.ar\/sitio\/wp-json\/wp\/v2\/users\/4"}],"replies":[{"embeddable":true,"href":"https:\/\/eldiariodesanpedro.com.ar\/sitio\/wp-json\/wp\/v2\/comments?post=104911"}],"version-history":[{"count":2,"href":"https:\/\/eldiariodesanpedro.com.ar\/sitio\/wp-json\/wp\/v2\/posts\/104911\/revisions"}],"predecessor-version":[{"id":104914,"href":"https:\/\/eldiariodesanpedro.com.ar\/sitio\/wp-json\/wp\/v2\/posts\/104911\/revisions\/104914"}],"wp:featuredmedia":[{"embeddable":true,"href":"https:\/\/eldiariodesanpedro.com.ar\/sitio\/wp-json\/wp\/v2\/media\/104912"}],"wp:attachment":[{"href":"https:\/\/eldiariodesanpedro.com.ar\/sitio\/wp-json\/wp\/v2\/media?parent=104911"}],"wp:term":[{"taxonomy":"category","embeddable":true,"href":"https:\/\/eldiariodesanpedro.com.ar\/sitio\/wp-json\/wp\/v2\/categories?post=104911"},{"taxonomy":"post_tag","embeddable":true,"href":"https:\/\/eldiariodesanpedro.com.ar\/sitio\/wp-json\/wp\/v2\/tags?post=104911"}],"curies":[{"name":"wp","href":"https:\/\/api.w.org\/{rel}","templated":true}]}}