{"id":10491,"date":"2016-11-21T18:51:04","date_gmt":"2016-11-21T21:51:04","guid":{"rendered":"https:\/\/eldiariodesanpedro.com.ar\/sitio\/?p=10491"},"modified":"2016-11-21T18:51:04","modified_gmt":"2016-11-21T21:51:04","slug":"guacone-estuve-saludando-a-viejos-amigos-de-la-politica","status":"publish","type":"post","link":"https:\/\/eldiariodesanpedro.com.ar\/sitio\/guacone-estuve-saludando-a-viejos-amigos-de-la-politica\/","title":{"rendered":"Guacone: \u201cEstuve saludando a viejos amigos de la pol\u00edtica\u00bb"},"content":{"rendered":"<p><!-- VideographyWP Plugin Message: Automatic video embedding prevented by plugin options. --><br \/>\nLuego de haberse retirado de la pol\u00edtica, el exintendente Guacone particip\u00f3 el domingo por la tarde del acto del D\u00eda de la Soberan\u00eda organizado por el kirchnerismo.<\/p>\n<p>En ese sentido, asever\u00f3: \u201cEsto lo llevo en el coraz\u00f3n y me trae muy gratos recuerdos. Felicitar a los que organizaron, por tan hermoso acto, al intendente de Ramallo, a Oscar Parrilli que reci\u00e9n acabo de saludarlo. Me acuerdo cuando me llamaba por tel\u00e9fono y me dec\u00eda Pablo en 40 minutos voy a estar all\u00e1 y ven\u00eda a ver si se mov\u00eda la obra\u201d.<\/p>\n<p>\u201cNo pod\u00eda quedarme en mi casa yo hoy como si fuera un d\u00eda m\u00e1s. La verdad es que sin que nadie me dijera nada vine para ac\u00e1\u201d, dijo luego.<\/p>\n<p>Por otro lado, sostuvo: \u201cEstuve saludando a viejos amigos de la pol\u00edtica y gracias a Dios\u201d.<\/p>\n","protected":false},"excerpt":{"rendered":"<p>Luego de haberse retirado de la pol\u00edtica, el exintendente Guacone particip\u00f3 el domingo por la tarde del acto del D\u00eda de la Soberan\u00eda organizado por el kirchnerismo. En ese sentido, asever\u00f3: \u201cEsto lo llevo en el coraz\u00f3n y me trae muy gratos recuerdos. Felicitar a los que organizaron, por tan hermoso acto, al intendente de [&hellip;]<\/p>\n","protected":false},"author":4,"featured_media":6826,"comment_status":"open","ping_status":"closed","sticky":false,"template":"","format":"standard","meta":{"om_disable_all_campaigns":false,"_jetpack_memberships_contains_paid_content":false,"footnotes":""},"categories":[101,2],"tags":[],"class_list":["post-10491","post","type-post","status-publish","format-standard","has-post-thumbnail","hentry","category-interes-general-locales","category-locales"],"aioseo_notices":[],"gutentor_comment":0,"jetpack_featured_media_url":"https:\/\/eldiariodesanpedro.com.ar\/sitio\/wp-content\/uploads\/2016\/08\/Guacone.jpg","jetpack_shortlink":"https:\/\/wp.me\/p6RhLt-2Jd","jetpack_sharing_enabled":true,"_links":{"self":[{"href":"https:\/\/eldiariodesanpedro.com.ar\/sitio\/wp-json\/wp\/v2\/posts\/10491","targetHints":{"allow":["GET"]}}],"collection":[{"href":"https:\/\/eldiariodesanpedro.com.ar\/sitio\/wp-json\/wp\/v2\/posts"}],"about":[{"href":"https:\/\/eldiariodesanpedro.com.ar\/sitio\/wp-json\/wp\/v2\/types\/post"}],"author":[{"embeddable":true,"href":"https:\/\/eldiariodesanpedro.com.ar\/sitio\/wp-json\/wp\/v2\/users\/4"}],"replies":[{"embeddable":true,"href":"https:\/\/eldiariodesanpedro.com.ar\/sitio\/wp-json\/wp\/v2\/comments?post=10491"}],"version-history":[{"count":1,"href":"https:\/\/eldiariodesanpedro.com.ar\/sitio\/wp-json\/wp\/v2\/posts\/10491\/revisions"}],"predecessor-version":[{"id":10492,"href":"https:\/\/eldiariodesanpedro.com.ar\/sitio\/wp-json\/wp\/v2\/posts\/10491\/revisions\/10492"}],"wp:featuredmedia":[{"embeddable":true,"href":"https:\/\/eldiariodesanpedro.com.ar\/sitio\/wp-json\/wp\/v2\/media\/6826"}],"wp:attachment":[{"href":"https:\/\/eldiariodesanpedro.com.ar\/sitio\/wp-json\/wp\/v2\/media?parent=10491"}],"wp:term":[{"taxonomy":"category","embeddable":true,"href":"https:\/\/eldiariodesanpedro.com.ar\/sitio\/wp-json\/wp\/v2\/categories?post=10491"},{"taxonomy":"post_tag","embeddable":true,"href":"https:\/\/eldiariodesanpedro.com.ar\/sitio\/wp-json\/wp\/v2\/tags?post=10491"}],"curies":[{"name":"wp","href":"https:\/\/api.w.org\/{rel}","templated":true}]}}