{"id":104902,"date":"2022-03-11T08:00:00","date_gmt":"2022-03-11T11:00:00","guid":{"rendered":"https:\/\/eldiariodesanpedro.com.ar\/sitio\/?p=104902"},"modified":"2022-03-11T11:27:47","modified_gmt":"2022-03-11T14:27:47","slug":"asamblea-general-ordinaria-de-la-liga-deportiva-sampedrina","status":"publish","type":"post","link":"https:\/\/eldiariodesanpedro.com.ar\/sitio\/asamblea-general-ordinaria-de-la-liga-deportiva-sampedrina\/","title":{"rendered":"Asamblea General Ordinaria de la Liga Deportiva Sampedrina"},"content":{"rendered":"<!-- VideographyWP Plugin Message: Automatic video embedding prevented by plugin options. -->\n\n<p class=\"has-text-align-right\">San&nbsp;Pedro,&nbsp; 9 de marzo de 2022<\/p>\n\n\n\n<h3 class=\"has-text-align-center wp-block-heading\">ASAMBLEA GENERAL ORDINARIA<\/h3>\n\n\n\n<h3 class=\"has-text-align-center wp-block-heading\">CONVOCATORIA<\/h3>\n\n\n\n<p>De conformidad a los art\u00edculos 11\u00ba y 18\u00ba del Estatuto y Disposiciones reglamentarias vigentes, el Consejo Directivo de la LIGA DEPORTIVA SAMPEDRINA, CONVOCA A ASAMBLEA GENERAL ORDINARIA, para el d\u00eda 21 de marzo de 2022 a las 22,00 horas, en el sal\u00f3n \u201cPedro Barri\u201d de esta Liga, ubicado en Mitre y F. C. Rodr\u00edguez de esta ciudad de San Pedro, a los efectos de considerar el siguiente:<\/p>\n\n\n\n<h3 class=\"has-text-align-center wp-block-heading\">ORDEN DEL DIA<\/h3>\n\n\n\n<p>1.a) Designaci\u00f3n de dos (2) Delegados Asamble\u00edstas para firmar el acta de la presente Asamblea conjuntamente con el se\u00f1or Presidente y Secretario, y 1.b) Designaci\u00f3n de tres (3) Delegados Asamble\u00edstas para integrar la Junta Escrutadora.-<br>2) Explicaci\u00f3n de los motivos por los cuales la Asamblea General Ordinaria se celebra fuera de t\u00e9rmino legal estipulado.<br>3.a) Ratificamos memoria del ejercicio n\u00ba 57 cerrado al 31 de diciembre del a\u00f1o 2019.<br>3.b) Ratificamos informe de revisores de cuenta del ejercicio n\u00ba 57 cerrado al 31 de diciembre del a\u00f1o 2019.<br>3.c) Ratificamos ejercicio n\u00ba 57 cerrado al 31 de diciembre del a\u00f1o 2019.<br>3.d) Ratificamos memoria del ejercicio n\u00ba 58 cerrado al 31 de diciembre del a\u00f1o 2020.<br>3.e) Ratificamos informe de revisores de cuenta del ejercicio n\u00ba 58 cerrado al 31 de diciembre del a\u00f1o 2020.<br>3.f) Ratificamos ejercicio n\u00ba 58 cerrado al 31 de diciembre del a\u00f1o 2020.<br>4) Consideraci\u00f3n de: a) Memoria y Balance General, Inventario y Cuadros demostrativos de P\u00e9rdidas y ganancias Correspondiente al Ejercicio N\u00ba 59 cerrado el d\u00eda 31 de Diciembre de 2021 y b). Calculo de Gastos y Recursos para el a\u00f1o dos mil veintid\u00f3s 2022.-<br>5) Fijar el monto de la cuota mensual seg\u00fan Art. N\u00ba 75 del Reglamento Interno.-<br>6) Ratif\u00edquese entre las Ligas de San Pedro y Baradero la continuidad de la Uni\u00f3n Regional de Ligas por el t\u00e9rmino de tres (3) a\u00f1os a partir de la firma de la misma y hasta el 1\u00ba de octubre de 2024.-<br>7) Torneos Oficiales 2022: Aprobaci\u00f3n Reglamento de Torneos Primera Divisi\u00f3n \u201cA\u201d, Primera Divisi\u00f3n \u201cB\u201d, seg\u00fan resoluci\u00f3n en sesi\u00f3n de Consejeros. Reglamentaci\u00f3n de los Torneos en las distintas categor\u00edas.<br>8) Consideraci\u00f3n tratamiento de sede. Mantenimiento, arrendamiento, venta, etc.<br>9) Elecci\u00f3n por dos (2) a\u00f1os de: a) Seis (6) miembros que resulten electos por dicho per\u00edodo, para el cargo de Presidente, Vicepresidente, Secretario, Prosecretario, Tesorero y Protesorero por finalizaci\u00f3n de mandatos y b) Tres (3) miembros para integrar la Comisi\u00f3n Revisora de Cuentas, dos titulares y un suplente por finalizaci\u00f3n de mandatos.-<br>10) Elecci\u00f3n por un (1) a\u00f1o de Presidente del Honorable Tribunal de Penas.-<br>11) Elecci\u00f3n por un (1) a\u00f1o de Miembros del Honorable Tribunal de Penas, Tres (3) titulares y Tres (3) suplentes de acuerdo a la designaci\u00f3n efectuada por los clubes.-<\/p>\n\n\n\n<p><strong>JUAN DI NAPOLI &#8211; PROSECRETARIO<br>ANDRES Z. S\u00c1NCHEZ &#8211; VICEPRESIDENTE<\/strong><\/p>\n\n\n\n<p>NOTA: Recordamos que los art\u00edculos N\u00ba 19 y N\u00ba 20 del Estatuto dicen: Las Asambleas se celebrar\u00e1n v\u00e1lidamente con la presencia de la mitad m\u00e1s uno de los Delegados. Una (1) hora despu\u00e9s, si antes no se hubiera obtenido ese n\u00famero, se reunir\u00e1 validamente con los Delegados presentes, salvo los casos previstos en este Estatuto que exigen proporci\u00f3n mayor.<\/p>\n\n\n\n<p><\/p>\n\n\n\n<p><strong>Inscripto en Personas Jur\u00eddicas N\u00ba 8581 &#8211; Bm\u00e9. Mitre 301 \u2013 Tel\u00e9fono 03329-426399 \u2013 (2930) San Pedro, pcia. de Buenos Aires<\/strong><\/p>\n","protected":false},"excerpt":{"rendered":"<p>San&nbsp;Pedro,&nbsp; 9 de marzo de 2022 ASAMBLEA GENERAL ORDINARIA CONVOCATORIA De conformidad a los art\u00edculos 11\u00ba y 18\u00ba del Estatuto y Disposiciones reglamentarias vigentes, el Consejo Directivo de la LIGA DEPORTIVA SAMPEDRINA, CONVOCA A ASAMBLEA GENERAL ORDINARIA, para el d\u00eda 21 de marzo de 2022 a las 22,00 horas, en el sal\u00f3n \u201cPedro Barri\u201d de [&hellip;]<\/p>\n","protected":false},"author":4,"featured_media":104903,"comment_status":"closed","ping_status":"closed","sticky":false,"template":"","format":"standard","meta":{"om_disable_all_campaigns":false,"_jetpack_memberships_contains_paid_content":false,"footnotes":""},"categories":[678,676],"tags":[2768,197,1121,696,33,19],"class_list":["post-104902","post","type-post","status-publish","format-standard","has-post-thumbnail","hentry","category-convocatorias","category-edictos","tag-asamblea-general-ordinaria-de-la-liga-deportiva-sampedrina","tag-buenos-aires","tag-edicto","tag-interes-general","tag-locales","tag-san-pedro"],"aioseo_notices":[],"gutentor_comment":0,"jetpack_featured_media_url":"https:\/\/eldiariodesanpedro.com.ar\/sitio\/wp-content\/uploads\/2022\/03\/LIGA-DEPORTIVA-SAMPEDRINA-2022.jpg","jetpack_shortlink":"https:\/\/wp.me\/p6RhLt-rhY","jetpack_sharing_enabled":true,"_links":{"self":[{"href":"https:\/\/eldiariodesanpedro.com.ar\/sitio\/wp-json\/wp\/v2\/posts\/104902","targetHints":{"allow":["GET"]}}],"collection":[{"href":"https:\/\/eldiariodesanpedro.com.ar\/sitio\/wp-json\/wp\/v2\/posts"}],"about":[{"href":"https:\/\/eldiariodesanpedro.com.ar\/sitio\/wp-json\/wp\/v2\/types\/post"}],"author":[{"embeddable":true,"href":"https:\/\/eldiariodesanpedro.com.ar\/sitio\/wp-json\/wp\/v2\/users\/4"}],"replies":[{"embeddable":true,"href":"https:\/\/eldiariodesanpedro.com.ar\/sitio\/wp-json\/wp\/v2\/comments?post=104902"}],"version-history":[{"count":3,"href":"https:\/\/eldiariodesanpedro.com.ar\/sitio\/wp-json\/wp\/v2\/posts\/104902\/revisions"}],"predecessor-version":[{"id":104937,"href":"https:\/\/eldiariodesanpedro.com.ar\/sitio\/wp-json\/wp\/v2\/posts\/104902\/revisions\/104937"}],"wp:featuredmedia":[{"embeddable":true,"href":"https:\/\/eldiariodesanpedro.com.ar\/sitio\/wp-json\/wp\/v2\/media\/104903"}],"wp:attachment":[{"href":"https:\/\/eldiariodesanpedro.com.ar\/sitio\/wp-json\/wp\/v2\/media?parent=104902"}],"wp:term":[{"taxonomy":"category","embeddable":true,"href":"https:\/\/eldiariodesanpedro.com.ar\/sitio\/wp-json\/wp\/v2\/categories?post=104902"},{"taxonomy":"post_tag","embeddable":true,"href":"https:\/\/eldiariodesanpedro.com.ar\/sitio\/wp-json\/wp\/v2\/tags?post=104902"}],"curies":[{"name":"wp","href":"https:\/\/api.w.org\/{rel}","templated":true}]}}