{"id":104885,"date":"2022-03-10T19:24:28","date_gmt":"2022-03-10T22:24:28","guid":{"rendered":"https:\/\/eldiariodesanpedro.com.ar\/sitio\/?p=104885"},"modified":"2022-03-10T19:24:29","modified_gmt":"2022-03-10T22:24:29","slug":"colocaron-varios-reductores-de-velocidad-en-diferentes-puntos-de-la-ciudad","status":"publish","type":"post","link":"https:\/\/eldiariodesanpedro.com.ar\/sitio\/colocaron-varios-reductores-de-velocidad-en-diferentes-puntos-de-la-ciudad\/","title":{"rendered":"Colocaron varios reductores de velocidad en diferentes puntos de la ciudad"},"content":{"rendered":"<!-- VideographyWP Plugin Message: Automatic video embedding prevented by plugin options. -->\n\n<p>La Secretar\u00eda de Obras P\u00fablicas junto con la Direcci\u00f3n de Tr\u00e1nsito contin\u00faa con acciones para mejorar las condiciones del tr\u00e1nsito en diferentes puntos de la ciudad.<\/p>\n\n\n\n<p>Hoy se colocaron reductores de velocidad sobre la Avenida 11 de Septiembre frente a la escuela secundaria qua ya funciona en la ex cancha de Banfield y en donde en breve se habilitar\u00e1 el jard\u00edn de infantes.<\/p>\n\n\n\n<p>La decisi\u00f3n del gobierno del Dr. Ram\u00f3n Salazar y del equipo de las \u00e1reas que tienen relaci\u00f3n con este tema es expandir a diferentes zonas de la ciudad este tipo de instalaciones que, junto a la precauci\u00f3n de quienes circulan, contribuye a reducir el riesgo de accidentes.<\/p>\n\n\n\n<p>Durante la instalaci\u00f3n de esta ma\u00f1ana estuvieron presentes el Dr. Javier Silva, Secretario de Obras P\u00fablicas y el Director de Tr\u00e1nsito \u00c1ngel Burgos.<\/p>\n\n\n\n<figure class=\"wp-block-image size-large\"><img decoding=\"async\" width=\"1024\" height=\"576\" data-attachment-id=\"104888\" data-permalink=\"https:\/\/eldiariodesanpedro.com.ar\/sitio\/colocaron-varios-reductores-de-velocidad-en-diferentes-puntos-de-la-ciudad\/whatsapp-image-2022-03-10-at-5-41-10-pm\/\" data-orig-file=\"https:\/\/eldiariodesanpedro.com.ar\/sitio\/wp-content\/uploads\/2022\/03\/WhatsApp-Image-2022-03-10-at-5.41.10-PM.jpeg\" data-orig-size=\"1120,630\" data-comments-opened=\"0\" data-image-meta=\"{&quot;aperture&quot;:&quot;0&quot;,&quot;credit&quot;:&quot;&quot;,&quot;camera&quot;:&quot;&quot;,&quot;caption&quot;:&quot;&quot;,&quot;created_timestamp&quot;:&quot;0&quot;,&quot;copyright&quot;:&quot;&quot;,&quot;focal_length&quot;:&quot;0&quot;,&quot;iso&quot;:&quot;0&quot;,&quot;shutter_speed&quot;:&quot;0&quot;,&quot;title&quot;:&quot;&quot;,&quot;orientation&quot;:&quot;0&quot;}\" data-image-title=\"WhatsApp Image 2022-03-10 at 5.41.10 PM\" data-image-description=\"\" data-image-caption=\"\" data-large-file=\"https:\/\/eldiariodesanpedro.com.ar\/sitio\/wp-content\/uploads\/2022\/03\/WhatsApp-Image-2022-03-10-at-5.41.10-PM-1024x576.jpeg\" data-src=\"https:\/\/eldiariodesanpedro.com.ar\/sitio\/wp-content\/uploads\/2022\/03\/WhatsApp-Image-2022-03-10-at-5.41.10-PM-1024x576.jpeg\" alt=\"\" class=\"wp-image-104888 lazyload\" data-srcset=\"https:\/\/eldiariodesanpedro.com.ar\/sitio\/wp-content\/uploads\/2022\/03\/WhatsApp-Image-2022-03-10-at-5.41.10-PM-1024x576.jpeg 1024w, https:\/\/eldiariodesanpedro.com.ar\/sitio\/wp-content\/uploads\/2022\/03\/WhatsApp-Image-2022-03-10-at-5.41.10-PM-300x169.jpeg 300w, https:\/\/eldiariodesanpedro.com.ar\/sitio\/wp-content\/uploads\/2022\/03\/WhatsApp-Image-2022-03-10-at-5.41.10-PM-768x432.jpeg 768w, https:\/\/eldiariodesanpedro.com.ar\/sitio\/wp-content\/uploads\/2022\/03\/WhatsApp-Image-2022-03-10-at-5.41.10-PM.jpeg 1120w\" data-sizes=\"(max-width: 1024px) 100vw, 1024px\" src=\"data:image\/svg+xml;base64,PHN2ZyB3aWR0aD0iMSIgaGVpZ2h0PSIxIiB4bWxucz0iaHR0cDovL3d3dy53My5vcmcvMjAwMC9zdmciPjwvc3ZnPg==\" style=\"--smush-placeholder-width: 1024px; --smush-placeholder-aspect-ratio: 1024\/576;\" \/><\/figure>\n","protected":false},"excerpt":{"rendered":"<p>La Secretar\u00eda de Obras P\u00fablicas junto con la Direcci\u00f3n de Tr\u00e1nsito contin\u00faa con acciones para mejorar las condiciones del tr\u00e1nsito en diferentes puntos de la ciudad. Hoy se colocaron reductores de velocidad sobre la Avenida 11 de Septiembre frente a la escuela secundaria qua ya funciona en la ex cancha de Banfield y en donde [&hellip;]<\/p>\n","protected":false},"author":4,"featured_media":104887,"comment_status":"closed","ping_status":"closed","sticky":false,"template":"","format":"standard","meta":{"om_disable_all_campaigns":false,"_jetpack_memberships_contains_paid_content":false,"footnotes":""},"categories":[50,101,2],"tags":[197,696,33,19],"class_list":["post-104885","post","type-post","status-publish","format-standard","has-post-thumbnail","hentry","category-destacadas","category-interes-general-locales","category-locales","tag-buenos-aires","tag-interes-general","tag-locales","tag-san-pedro"],"aioseo_notices":[],"gutentor_comment":0,"jetpack_featured_media_url":"https:\/\/eldiariodesanpedro.com.ar\/sitio\/wp-content\/uploads\/2022\/03\/WhatsApp-Image-2022-03-10-at-5.41.09-PM.jpeg","jetpack_shortlink":"https:\/\/wp.me\/p6RhLt-rhH","jetpack_sharing_enabled":true,"_links":{"self":[{"href":"https:\/\/eldiariodesanpedro.com.ar\/sitio\/wp-json\/wp\/v2\/posts\/104885","targetHints":{"allow":["GET"]}}],"collection":[{"href":"https:\/\/eldiariodesanpedro.com.ar\/sitio\/wp-json\/wp\/v2\/posts"}],"about":[{"href":"https:\/\/eldiariodesanpedro.com.ar\/sitio\/wp-json\/wp\/v2\/types\/post"}],"author":[{"embeddable":true,"href":"https:\/\/eldiariodesanpedro.com.ar\/sitio\/wp-json\/wp\/v2\/users\/4"}],"replies":[{"embeddable":true,"href":"https:\/\/eldiariodesanpedro.com.ar\/sitio\/wp-json\/wp\/v2\/comments?post=104885"}],"version-history":[{"count":1,"href":"https:\/\/eldiariodesanpedro.com.ar\/sitio\/wp-json\/wp\/v2\/posts\/104885\/revisions"}],"predecessor-version":[{"id":104890,"href":"https:\/\/eldiariodesanpedro.com.ar\/sitio\/wp-json\/wp\/v2\/posts\/104885\/revisions\/104890"}],"wp:featuredmedia":[{"embeddable":true,"href":"https:\/\/eldiariodesanpedro.com.ar\/sitio\/wp-json\/wp\/v2\/media\/104887"}],"wp:attachment":[{"href":"https:\/\/eldiariodesanpedro.com.ar\/sitio\/wp-json\/wp\/v2\/media?parent=104885"}],"wp:term":[{"taxonomy":"category","embeddable":true,"href":"https:\/\/eldiariodesanpedro.com.ar\/sitio\/wp-json\/wp\/v2\/categories?post=104885"},{"taxonomy":"post_tag","embeddable":true,"href":"https:\/\/eldiariodesanpedro.com.ar\/sitio\/wp-json\/wp\/v2\/tags?post=104885"}],"curies":[{"name":"wp","href":"https:\/\/api.w.org\/{rel}","templated":true}]}}