{"id":104883,"date":"2022-03-10T19:20:41","date_gmt":"2022-03-10T22:20:41","guid":{"rendered":"https:\/\/eldiariodesanpedro.com.ar\/sitio\/?p=104883"},"modified":"2022-03-10T19:20:42","modified_gmt":"2022-03-10T22:20:42","slug":"circulaba-en-motocicleta-por-ruta-1001-cuando-fue-abordado-por-un-delincuente","status":"publish","type":"post","link":"https:\/\/eldiariodesanpedro.com.ar\/sitio\/circulaba-en-motocicleta-por-ruta-1001-cuando-fue-abordado-por-un-delincuente\/","title":{"rendered":"Circulaba en motocicleta por ruta 1001 cuando fue abordado por un delincuente"},"content":{"rendered":"<!-- VideographyWP Plugin Message: Automatic video embedding prevented by plugin options. -->\n\n<p>En la madrugada de hoy jueves, pasadas las 00:30 horas un joven de 23 a\u00f1os se hace presente en la comisar\u00eda local donde denunci\u00f3 que en el d\u00eda de la fecha en momentos en que circulaba a bordo de su motocicleta por ruta 1001 en sentido hacia San Pedro, deteni\u00e9ndose luego a la vera al llegar a la arteria Cruero General Belgrano, cuando es abordado por masculino desconocido que circulaban a bordo de otra&nbsp; motocicleta que le arrebatan ri\u00f1onera que pose\u00eda documentaci\u00f3n emprender fuga en sentido a la localidad de R\u00edo Tala.&nbsp;<\/p>\n\n\n\n<p>Afortunadamente la v\u00edctima result\u00f3 ilesa.<\/p>\n","protected":false},"excerpt":{"rendered":"<p>En la madrugada de hoy jueves, pasadas las 00:30 horas un joven de 23 a\u00f1os se hace presente en la comisar\u00eda local donde denunci\u00f3 que en el d\u00eda de la fecha en momentos en que circulaba a bordo de su motocicleta por ruta 1001 en sentido hacia San Pedro, deteni\u00e9ndose luego a la vera al [&hellip;]<\/p>\n","protected":false},"author":4,"featured_media":38493,"comment_status":"closed","ping_status":"closed","sticky":false,"template":"","format":"standard","meta":{"om_disable_all_campaigns":false,"_jetpack_memberships_contains_paid_content":false,"footnotes":""},"categories":[2,103],"tags":[197,33,95,19],"class_list":["post-104883","post","type-post","status-publish","format-standard","has-post-thumbnail","hentry","category-locales","category-policiales-locales","tag-buenos-aires","tag-locales","tag-policiales","tag-san-pedro"],"aioseo_notices":[],"gutentor_comment":0,"jetpack_featured_media_url":"https:\/\/eldiariodesanpedro.com.ar\/sitio\/wp-content\/uploads\/2018\/08\/robo-moto.jpg","jetpack_shortlink":"https:\/\/wp.me\/p6RhLt-rhF","jetpack_sharing_enabled":true,"_links":{"self":[{"href":"https:\/\/eldiariodesanpedro.com.ar\/sitio\/wp-json\/wp\/v2\/posts\/104883","targetHints":{"allow":["GET"]}}],"collection":[{"href":"https:\/\/eldiariodesanpedro.com.ar\/sitio\/wp-json\/wp\/v2\/posts"}],"about":[{"href":"https:\/\/eldiariodesanpedro.com.ar\/sitio\/wp-json\/wp\/v2\/types\/post"}],"author":[{"embeddable":true,"href":"https:\/\/eldiariodesanpedro.com.ar\/sitio\/wp-json\/wp\/v2\/users\/4"}],"replies":[{"embeddable":true,"href":"https:\/\/eldiariodesanpedro.com.ar\/sitio\/wp-json\/wp\/v2\/comments?post=104883"}],"version-history":[{"count":1,"href":"https:\/\/eldiariodesanpedro.com.ar\/sitio\/wp-json\/wp\/v2\/posts\/104883\/revisions"}],"predecessor-version":[{"id":104884,"href":"https:\/\/eldiariodesanpedro.com.ar\/sitio\/wp-json\/wp\/v2\/posts\/104883\/revisions\/104884"}],"wp:featuredmedia":[{"embeddable":true,"href":"https:\/\/eldiariodesanpedro.com.ar\/sitio\/wp-json\/wp\/v2\/media\/38493"}],"wp:attachment":[{"href":"https:\/\/eldiariodesanpedro.com.ar\/sitio\/wp-json\/wp\/v2\/media?parent=104883"}],"wp:term":[{"taxonomy":"category","embeddable":true,"href":"https:\/\/eldiariodesanpedro.com.ar\/sitio\/wp-json\/wp\/v2\/categories?post=104883"},{"taxonomy":"post_tag","embeddable":true,"href":"https:\/\/eldiariodesanpedro.com.ar\/sitio\/wp-json\/wp\/v2\/tags?post=104883"}],"curies":[{"name":"wp","href":"https:\/\/api.w.org\/{rel}","templated":true}]}}