{"id":104880,"date":"2022-03-10T19:12:44","date_gmt":"2022-03-10T22:12:44","guid":{"rendered":"https:\/\/eldiariodesanpedro.com.ar\/sitio\/?p=104880"},"modified":"2022-03-10T19:14:00","modified_gmt":"2022-03-10T22:14:00","slug":"dejo-la-moto-dos-horas-sin-seguridad-se-la-robaron-y-la-encontraron-abandonada-horas-mas-tarde","status":"publish","type":"post","link":"https:\/\/eldiariodesanpedro.com.ar\/sitio\/dejo-la-moto-dos-horas-sin-seguridad-se-la-robaron-y-la-encontraron-abandonada-horas-mas-tarde\/","title":{"rendered":"Dejo la moto dos horas sin seguridad, se la robaron y la encontraron abandonada horas m\u00e1s tarde"},"content":{"rendered":"<!-- VideographyWP Plugin Message: Automatic video embedding prevented by plugin options. -->\n\n<p>En la madrugada de este jueves un ciudadano de 43 a\u00f1os realiz\u00f3 una denuncia en la comisar\u00eda local donde se refiri\u00f3 a que en momentos en que se encontraba en calle San Mart\u00edn al 1400, dejando su motocicleta sin elementos de seguridad estacionada en la vereda, donde al egresar del mismo&nbsp; aproximadamente dos horas despu\u00e9s constata que la misma no se encontraba.<\/p>\n\n\n\n<p>Posteriormente es anoticiado que su motocicleta se encontraba abandonada en calle 43 de nuestra ciudad en perfecto estado.<\/p>\n","protected":false},"excerpt":{"rendered":"<p>En la madrugada de este jueves un ciudadano de 43 a\u00f1os realiz\u00f3 una denuncia en la comisar\u00eda local donde se refiri\u00f3 a que en momentos en que se encontraba en calle San Mart\u00edn al 1400, dejando su motocicleta sin elementos de seguridad estacionada en la vereda, donde al egresar del mismo&nbsp; aproximadamente dos horas despu\u00e9s [&hellip;]<\/p>\n","protected":false},"author":4,"featured_media":103679,"comment_status":"closed","ping_status":"closed","sticky":false,"template":"","format":"standard","meta":{"om_disable_all_campaigns":false,"_jetpack_memberships_contains_paid_content":false,"footnotes":""},"categories":[50,2,103],"tags":[197,33,95,19],"class_list":["post-104880","post","type-post","status-publish","format-standard","has-post-thumbnail","hentry","category-destacadas","category-locales","category-policiales-locales","tag-buenos-aires","tag-locales","tag-policiales","tag-san-pedro"],"aioseo_notices":[],"gutentor_comment":0,"jetpack_featured_media_url":"https:\/\/eldiariodesanpedro.com.ar\/sitio\/wp-content\/uploads\/2022\/02\/comisaria_san_pedro.jpg","jetpack_shortlink":"https:\/\/wp.me\/p6RhLt-rhC","jetpack_sharing_enabled":true,"_links":{"self":[{"href":"https:\/\/eldiariodesanpedro.com.ar\/sitio\/wp-json\/wp\/v2\/posts\/104880","targetHints":{"allow":["GET"]}}],"collection":[{"href":"https:\/\/eldiariodesanpedro.com.ar\/sitio\/wp-json\/wp\/v2\/posts"}],"about":[{"href":"https:\/\/eldiariodesanpedro.com.ar\/sitio\/wp-json\/wp\/v2\/types\/post"}],"author":[{"embeddable":true,"href":"https:\/\/eldiariodesanpedro.com.ar\/sitio\/wp-json\/wp\/v2\/users\/4"}],"replies":[{"embeddable":true,"href":"https:\/\/eldiariodesanpedro.com.ar\/sitio\/wp-json\/wp\/v2\/comments?post=104880"}],"version-history":[{"count":2,"href":"https:\/\/eldiariodesanpedro.com.ar\/sitio\/wp-json\/wp\/v2\/posts\/104880\/revisions"}],"predecessor-version":[{"id":104882,"href":"https:\/\/eldiariodesanpedro.com.ar\/sitio\/wp-json\/wp\/v2\/posts\/104880\/revisions\/104882"}],"wp:featuredmedia":[{"embeddable":true,"href":"https:\/\/eldiariodesanpedro.com.ar\/sitio\/wp-json\/wp\/v2\/media\/103679"}],"wp:attachment":[{"href":"https:\/\/eldiariodesanpedro.com.ar\/sitio\/wp-json\/wp\/v2\/media?parent=104880"}],"wp:term":[{"taxonomy":"category","embeddable":true,"href":"https:\/\/eldiariodesanpedro.com.ar\/sitio\/wp-json\/wp\/v2\/categories?post=104880"},{"taxonomy":"post_tag","embeddable":true,"href":"https:\/\/eldiariodesanpedro.com.ar\/sitio\/wp-json\/wp\/v2\/tags?post=104880"}],"curies":[{"name":"wp","href":"https:\/\/api.w.org\/{rel}","templated":true}]}}