{"id":10488,"date":"2016-11-21T18:49:59","date_gmt":"2016-11-21T21:49:59","guid":{"rendered":"https:\/\/eldiariodesanpedro.com.ar\/sitio\/?p=10488"},"modified":"2016-11-21T18:49:59","modified_gmt":"2016-11-21T21:49:59","slug":"se-concreto-la-entrega-del-subsidio-de-400-mil-pesos-para-el-area-de-pediatria","status":"publish","type":"post","link":"https:\/\/eldiariodesanpedro.com.ar\/sitio\/se-concreto-la-entrega-del-subsidio-de-400-mil-pesos-para-el-area-de-pediatria\/","title":{"rendered":"Se concret\u00f3 la entrega del subsidio de 400 mil pesos para el \u00e1rea de pediatr\u00eda"},"content":{"rendered":"<p><!-- VideographyWP Plugin Message: Automatic video embedding prevented by plugin options. --><br \/>\nEl acto de firma cont\u00f3 con la presencia de la coordinadora general de Centros de Referencia del Ministerio de Desarrollo Social de la Naci\u00f3n, Agustina Ciarletta. Tambi\u00e9n estuvieron el titular del CDR local, Jos\u00e9 Luis Franchini, el secretario de Salud, Dr. Edgar Britos, el de Legal y T\u00e9cnica, Ram\u00f3n Salazar, e integrantes de la cooperadora del nosocomio local.<\/p>\n<p>En ese sentido, Franchini sostuvo: \u201cTodo lo que nosotros hacemos desde el Ministerio es para ayudar a la gente\u201d, y agreg\u00f3 que dicha cartera \u201cda respuestas\u201d que \u201cson buenas noticias y esta es muy buena porque estamos ayudando a equipar las once salas del \u00e1rea de pediatr\u00eda de nuestro Hospital\u201d.<\/p>\n<p>Por su parte, Ciarletta se\u00f1al\u00f3: \u201cNos pone muy contentos poder ayudar en esto que nos pidi\u00f3 el intendente y a trav\u00e9s de nuestro director, Leo Coppola, y desde ya desde el Ministerio, Carolina Stanley y la gobernadora Mar\u00eda Eugenia Vidal, que se ha comprometido con el intendente en ayudar a construir la sala de pediatr\u00eda y esta es una de las tantas cosas que hacemos en la Provincia y nos pone muy contentos que San Pedro sea el lugar elegido esta vez\u201d. En tanto que agreg\u00f3: \u201cUna vez que se hace el dep\u00f3sito, se hace un proceso de rendici\u00f3n de cuentas a los 90 d\u00edas\u201d.<\/p>\n<p>Por su parte, Olga Rasio, de la cooperadora del Hospital, dijo: \u201cVa a estar destinado para el equipamiento de todas las habitaciones, son 11 en total. O sea, camas, placares y otros muebles\u201d.<\/p>\n<p>Por \u00faltimo Britos, consider\u00f3: \u201cNos enorgullece y nos pone muy contentos poder contar con esta nueva donaci\u00f3n que se realiza a trav\u00e9s de la gesti\u00f3n de Jos\u00e9 (Franchini), le quiero agradecer personalmente porque s\u00e9 cu\u00e1nto se ha preocupado y se ha movido por este tema, y por el apoyo al Ministerio de Desarrollo Social de la Naci\u00f3n, por darnos esta posibilidad de adquirir las 22 camas para dotar las 11 habitaciones del servicio de pediatr\u00eda que vamos a estar inaugurando en un corto plazo por suerte, y eso es brindarle a nuestro ni\u00f1os la garant\u00eda de asistencia digna que requieren ante un caso de internaci\u00f3n\u201d.<\/p>\n","protected":false},"excerpt":{"rendered":"<p>El acto de firma cont\u00f3 con la presencia de la coordinadora general de Centros de Referencia del Ministerio de Desarrollo Social de la Naci\u00f3n, Agustina Ciarletta. Tambi\u00e9n estuvieron el titular del CDR local, Jos\u00e9 Luis Franchini, el secretario de Salud, Dr. Edgar Britos, el de Legal y T\u00e9cnica, Ram\u00f3n Salazar, e integrantes de la cooperadora [&hellip;]<\/p>\n","protected":false},"author":4,"featured_media":10489,"comment_status":"open","ping_status":"closed","sticky":false,"template":"","format":"standard","meta":{"om_disable_all_campaigns":false,"_jetpack_memberships_contains_paid_content":false,"footnotes":""},"categories":[50,101,2],"tags":[],"class_list":["post-10488","post","type-post","status-publish","format-standard","has-post-thumbnail","hentry","category-destacadas","category-interes-general-locales","category-locales"],"aioseo_notices":[],"gutentor_comment":0,"jetpack_featured_media_url":"https:\/\/eldiariodesanpedro.com.ar\/sitio\/wp-content\/uploads\/2016\/11\/PAGINA-5-4.jpg","jetpack_shortlink":"https:\/\/wp.me\/p6RhLt-2Ja","jetpack_sharing_enabled":true,"_links":{"self":[{"href":"https:\/\/eldiariodesanpedro.com.ar\/sitio\/wp-json\/wp\/v2\/posts\/10488","targetHints":{"allow":["GET"]}}],"collection":[{"href":"https:\/\/eldiariodesanpedro.com.ar\/sitio\/wp-json\/wp\/v2\/posts"}],"about":[{"href":"https:\/\/eldiariodesanpedro.com.ar\/sitio\/wp-json\/wp\/v2\/types\/post"}],"author":[{"embeddable":true,"href":"https:\/\/eldiariodesanpedro.com.ar\/sitio\/wp-json\/wp\/v2\/users\/4"}],"replies":[{"embeddable":true,"href":"https:\/\/eldiariodesanpedro.com.ar\/sitio\/wp-json\/wp\/v2\/comments?post=10488"}],"version-history":[{"count":1,"href":"https:\/\/eldiariodesanpedro.com.ar\/sitio\/wp-json\/wp\/v2\/posts\/10488\/revisions"}],"predecessor-version":[{"id":10490,"href":"https:\/\/eldiariodesanpedro.com.ar\/sitio\/wp-json\/wp\/v2\/posts\/10488\/revisions\/10490"}],"wp:featuredmedia":[{"embeddable":true,"href":"https:\/\/eldiariodesanpedro.com.ar\/sitio\/wp-json\/wp\/v2\/media\/10489"}],"wp:attachment":[{"href":"https:\/\/eldiariodesanpedro.com.ar\/sitio\/wp-json\/wp\/v2\/media?parent=10488"}],"wp:term":[{"taxonomy":"category","embeddable":true,"href":"https:\/\/eldiariodesanpedro.com.ar\/sitio\/wp-json\/wp\/v2\/categories?post=10488"},{"taxonomy":"post_tag","embeddable":true,"href":"https:\/\/eldiariodesanpedro.com.ar\/sitio\/wp-json\/wp\/v2\/tags?post=10488"}],"curies":[{"name":"wp","href":"https:\/\/api.w.org\/{rel}","templated":true}]}}