{"id":104859,"date":"2022-03-10T09:00:32","date_gmt":"2022-03-10T12:00:32","guid":{"rendered":"https:\/\/eldiariodesanpedro.com.ar\/sitio\/?p=104859"},"modified":"2022-03-10T09:00:33","modified_gmt":"2022-03-10T12:00:33","slug":"hcd-primera-sesion-ordinaria-del-2022-para-el-concejo-deliberante-de-san-pedro","status":"publish","type":"post","link":"https:\/\/eldiariodesanpedro.com.ar\/sitio\/hcd-primera-sesion-ordinaria-del-2022-para-el-concejo-deliberante-de-san-pedro\/","title":{"rendered":"HCD: Primera sesi\u00f3n ordinaria del 2022 para el Concejo Deliberante de San Pedro"},"content":{"rendered":"<!-- VideographyWP Plugin Message: Automatic video embedding prevented by plugin options. -->\n\n<p>Este jueves se concretar\u00e1, tras la apertura de sesiones a cargo del intendente Ram\u00f3n Salazar, la primera sesi\u00f3n ordinaria del a\u00f1o en el Concejo Deliberante de San Pedro. Ser\u00e1 el puntapie inicial para la actividad con la nueva composici\u00f3n del cuerpo, con dos bloques opositores, Juntos y Juntos PRO, y un mayoritario bloque oficialista, presidido por Juan Cruz Gonz\u00e1lez.<\/p>\n\n\n\n<p>El Concejo Deliberante retoma este jueves su habitual funcionamiento con las sesiones ordinarias previstas para los segundos y cuartos jueves de cada mes, seg\u00fan fue definido en la apertura de la actividad legislativa de este 2022.<\/p>\n\n\n\n<p>El cuerpo presidido por M\u00f3nica Otero tiene tres bloques: los opositores se dividen en Juntos, presidido por Alejandro Donatti, donde confluye el radicalismo: Paola Basso; Lucas Pisani y Hugo Binimelis, integran este espacio; y Juntos PRO, liderado por Gerardo Pelletier, con Vanina Cappelletti.&nbsp;<\/p>\n\n\n\n<p>El oficialismo del Frente de Todos, presidido por Juan Cruz Gonz\u00e1lez, incluye adem\u00e1s a las concejalas Tamara Vlaeminck, Candelaria Cuscuela, Rita Leguizam\u00f3n, Rosa Celi\u00e9, Silvina Ibern, Gast\u00f3n Casco, Daniel Creus, Mat\u00edas Franco y Juan Garavaglia. Fuera del bloque aunque en el mismo espacio, la concejala Florencia S\u00e1nchez, cuyo pedido de un espacio para trabajar en el Concejo Deliberante, ingresar\u00e1 tambi\u00e9n formalmente en esta sesi\u00f3n.&nbsp;<\/p>\n\n\n\n<p>En la jornada ingresar\u00e1n adem\u00e1s propuestas de las y los distintos integrantes del cuerpo, entre ellos, la conformaci\u00f3n de un registro de artistas locales; la modificaci\u00f3n de la Ordenanza, a\u00fan sin reglamentar, que crea el Fondo especial de becas para estudiantes egresados de escuelas secundarios que cursen estudios de nivel terciario o universitarios;&nbsp;y la adhesi\u00f3n a la ley 25872, que establece iniciativas para apoyar a les j\u00f3venes emprendedores, estableciendo la eximici\u00f3n de tasas para las y los mismos, en el partido de San Pedro, todas ellas propuestas del bloque Juntos.<\/p>\n","protected":false},"excerpt":{"rendered":"<p>Este jueves se concretar\u00e1, tras la apertura de sesiones a cargo del intendente Ram\u00f3n Salazar, la primera sesi\u00f3n ordinaria del a\u00f1o en el Concejo Deliberante de San Pedro. Ser\u00e1 el puntapie inicial para la actividad con la nueva composici\u00f3n del cuerpo, con dos bloques opositores, Juntos y Juntos PRO, y un mayoritario bloque oficialista, presidido [&hellip;]<\/p>\n","protected":false},"author":4,"featured_media":18738,"comment_status":"closed","ping_status":"closed","sticky":false,"template":"","format":"standard","meta":{"om_disable_all_campaigns":false,"_jetpack_memberships_contains_paid_content":false,"footnotes":""},"categories":[50,101,2],"tags":[197,696,33,19],"class_list":["post-104859","post","type-post","status-publish","format-standard","has-post-thumbnail","hentry","category-destacadas","category-interes-general-locales","category-locales","tag-buenos-aires","tag-interes-general","tag-locales","tag-san-pedro"],"aioseo_notices":[],"gutentor_comment":0,"jetpack_featured_media_url":"https:\/\/eldiariodesanpedro.com.ar\/sitio\/wp-content\/uploads\/2017\/05\/HCD-Fernando-Nouet-present\u00f3-un-proyecto-Creaci\u00f3n-del-Registro-de-deudores-alimentarios-municipal.jpg","jetpack_shortlink":"https:\/\/wp.me\/p6RhLt-rhh","jetpack_sharing_enabled":true,"_links":{"self":[{"href":"https:\/\/eldiariodesanpedro.com.ar\/sitio\/wp-json\/wp\/v2\/posts\/104859","targetHints":{"allow":["GET"]}}],"collection":[{"href":"https:\/\/eldiariodesanpedro.com.ar\/sitio\/wp-json\/wp\/v2\/posts"}],"about":[{"href":"https:\/\/eldiariodesanpedro.com.ar\/sitio\/wp-json\/wp\/v2\/types\/post"}],"author":[{"embeddable":true,"href":"https:\/\/eldiariodesanpedro.com.ar\/sitio\/wp-json\/wp\/v2\/users\/4"}],"replies":[{"embeddable":true,"href":"https:\/\/eldiariodesanpedro.com.ar\/sitio\/wp-json\/wp\/v2\/comments?post=104859"}],"version-history":[{"count":1,"href":"https:\/\/eldiariodesanpedro.com.ar\/sitio\/wp-json\/wp\/v2\/posts\/104859\/revisions"}],"predecessor-version":[{"id":104860,"href":"https:\/\/eldiariodesanpedro.com.ar\/sitio\/wp-json\/wp\/v2\/posts\/104859\/revisions\/104860"}],"wp:featuredmedia":[{"embeddable":true,"href":"https:\/\/eldiariodesanpedro.com.ar\/sitio\/wp-json\/wp\/v2\/media\/18738"}],"wp:attachment":[{"href":"https:\/\/eldiariodesanpedro.com.ar\/sitio\/wp-json\/wp\/v2\/media?parent=104859"}],"wp:term":[{"taxonomy":"category","embeddable":true,"href":"https:\/\/eldiariodesanpedro.com.ar\/sitio\/wp-json\/wp\/v2\/categories?post=104859"},{"taxonomy":"post_tag","embeddable":true,"href":"https:\/\/eldiariodesanpedro.com.ar\/sitio\/wp-json\/wp\/v2\/tags?post=104859"}],"curies":[{"name":"wp","href":"https:\/\/api.w.org\/{rel}","templated":true}]}}