{"id":10485,"date":"2016-11-21T18:42:46","date_gmt":"2016-11-21T21:42:46","guid":{"rendered":"https:\/\/eldiariodesanpedro.com.ar\/sitio\/?p=10485"},"modified":"2016-11-21T18:42:46","modified_gmt":"2016-11-21T21:42:46","slug":"presentacion-de-la-campana-de-prevencion-y-visibilizacion-de-la-violencia-hacia-la-mujer","status":"publish","type":"post","link":"https:\/\/eldiariodesanpedro.com.ar\/sitio\/presentacion-de-la-campana-de-prevencion-y-visibilizacion-de-la-violencia-hacia-la-mujer\/","title":{"rendered":"Presentaci\u00f3n de la Campa\u00f1a de Prevenci\u00f3n y Visibilizaci\u00f3n de la Violencia hacia la Mujer"},"content":{"rendered":"<p><!-- VideographyWP Plugin Message: Automatic video embedding prevented by plugin options. --><\/p>\n<p>El Movimiento de Mujeres Minerva Mirabal realizar\u00e1 este mi\u00e9rcoles la presentaci\u00f3n en sociedad de los spots de prevenci\u00f3n y visibilizaci\u00f3n de la violencia de g\u00e9nero. <\/p>\n<p>El evento tendr\u00e1 lugar en la Biblioteca Popular Rafael Obligado (Mitre 460) a partir de las 20.00.<\/p>\n","protected":false},"excerpt":{"rendered":"<p>El Movimiento de Mujeres Minerva Mirabal realizar\u00e1 este mi\u00e9rcoles la presentaci\u00f3n en sociedad de los spots de prevenci\u00f3n y visibilizaci\u00f3n de la violencia de g\u00e9nero. El evento tendr\u00e1 lugar en la Biblioteca Popular Rafael Obligado (Mitre 460) a partir de las 20.00.<\/p>\n","protected":false},"author":4,"featured_media":10486,"comment_status":"open","ping_status":"closed","sticky":false,"template":"","format":"standard","meta":{"om_disable_all_campaigns":false,"_jetpack_memberships_contains_paid_content":false,"footnotes":""},"categories":[101,2],"tags":[],"class_list":["post-10485","post","type-post","status-publish","format-standard","has-post-thumbnail","hentry","category-interes-general-locales","category-locales"],"aioseo_notices":[],"gutentor_comment":0,"jetpack_featured_media_url":"https:\/\/eldiariodesanpedro.com.ar\/sitio\/wp-content\/uploads\/2016\/11\/violencia-de-genero.jpg","jetpack_shortlink":"https:\/\/wp.me\/p6RhLt-2J7","jetpack_sharing_enabled":true,"_links":{"self":[{"href":"https:\/\/eldiariodesanpedro.com.ar\/sitio\/wp-json\/wp\/v2\/posts\/10485","targetHints":{"allow":["GET"]}}],"collection":[{"href":"https:\/\/eldiariodesanpedro.com.ar\/sitio\/wp-json\/wp\/v2\/posts"}],"about":[{"href":"https:\/\/eldiariodesanpedro.com.ar\/sitio\/wp-json\/wp\/v2\/types\/post"}],"author":[{"embeddable":true,"href":"https:\/\/eldiariodesanpedro.com.ar\/sitio\/wp-json\/wp\/v2\/users\/4"}],"replies":[{"embeddable":true,"href":"https:\/\/eldiariodesanpedro.com.ar\/sitio\/wp-json\/wp\/v2\/comments?post=10485"}],"version-history":[{"count":1,"href":"https:\/\/eldiariodesanpedro.com.ar\/sitio\/wp-json\/wp\/v2\/posts\/10485\/revisions"}],"predecessor-version":[{"id":10487,"href":"https:\/\/eldiariodesanpedro.com.ar\/sitio\/wp-json\/wp\/v2\/posts\/10485\/revisions\/10487"}],"wp:featuredmedia":[{"embeddable":true,"href":"https:\/\/eldiariodesanpedro.com.ar\/sitio\/wp-json\/wp\/v2\/media\/10486"}],"wp:attachment":[{"href":"https:\/\/eldiariodesanpedro.com.ar\/sitio\/wp-json\/wp\/v2\/media?parent=10485"}],"wp:term":[{"taxonomy":"category","embeddable":true,"href":"https:\/\/eldiariodesanpedro.com.ar\/sitio\/wp-json\/wp\/v2\/categories?post=10485"},{"taxonomy":"post_tag","embeddable":true,"href":"https:\/\/eldiariodesanpedro.com.ar\/sitio\/wp-json\/wp\/v2\/tags?post=10485"}],"curies":[{"name":"wp","href":"https:\/\/api.w.org\/{rel}","templated":true}]}}