{"id":104836,"date":"2022-03-09T12:58:10","date_gmt":"2022-03-09T15:58:10","guid":{"rendered":"https:\/\/eldiariodesanpedro.com.ar\/sitio\/?p=104836"},"modified":"2022-03-09T12:58:10","modified_gmt":"2022-03-09T15:58:10","slug":"censo-2022-con-doble-modalidad-se-podra-realizar-de-forma-digital-y-presencial","status":"publish","type":"post","link":"https:\/\/eldiariodesanpedro.com.ar\/sitio\/censo-2022-con-doble-modalidad-se-podra-realizar-de-forma-digital-y-presencial\/","title":{"rendered":"Censo 2022: Con doble modalidad se podr\u00e1 realizar de forma digital y presencial"},"content":{"rendered":"<!-- VideographyWP Plugin Message: Automatic video embedding prevented by plugin options. -->\n\n<p>El Censo Nacional de Poblaci\u00f3n, Hogares y Viviendas es el operativo civil de mayor dimensi\u00f3n que lleva adelante un pa\u00eds y se realiza cada 10 a\u00f1os. En Argentina debi\u00f3 postergarse en 2020 con motivo de la pandemia, es por ello que se realizar\u00e1 en este 2022 y por primera vez en la historia de nuestro pa\u00eds, el Censo 2022 ser\u00e1 bimodal (digital y presencial).<\/p>\n\n\n\n<p>Censo digital: Desde el 16 de marzo y hasta el 18 de mayo de 2022 a las 8 de la ma\u00f1ana, las personas que lo prefieran podr\u00e1n autocompletar el cuestionario digital para censar a todos los integrantes de su hogar. El Censo digital se podr\u00e1 completar desde cualquier dispositivo digital con conexi\u00f3n a internet, a trav\u00e9s de los siguientes pasos:<\/p>\n\n\n\n<ul class=\"wp-block-list\"><li>Ingresar en censo.gob.ar.<\/li><li>Seleccionar el bot\u00f3n \u201cCenso digital\u201d ubicado en el margen superior derecho de la pantalla.<\/li><li>Seguir las instrucciones para generar el c\u00f3digo \u00fanico de la vivienda.<\/li><li>Acceder al cuestionario digital para responder las preguntas por todas las personas que integran el hogar.<\/li><li>Guardar el comprobante del Censo digital (c\u00f3digo alfanum\u00e9rico de seis d\u00edgitos que se entrega al completar el cuestionario) para el mi\u00e9rcoles 18 de mayo, D\u00eda del Censo.<\/li><\/ul>\n\n\n\n<p>Censo presencial: El 18 de mayo, d\u00eda que ser\u00e1 feriado nacional (Decreto 42\/2022), las personas censistas visitar\u00e1n todas las viviendas del pa\u00eds entre las 8 y las 18 h para solicitar el comprobante del Censo digital o realizar la entrevista tradicional a quienes no hayan completado el cuestionario en l\u00ednea.<\/p>\n\n\n\n<p>Adem\u00e1s de la introducci\u00f3n del Censo digital, la Argentina organizar\u00e1 por primera vez un \u201ccenso de derecho\u201d. Las personas ser\u00e1n contabilizadas seg\u00fan su lugar de residencia habitual, es decir, donde pasan la mayor parte del tiempo durante la semana y en el lugar donde demandan servicios. Hasta ahora, el censo contabilizaba a las personas en el lugar en el que hab\u00edan pasado la noche anterior.<\/p>\n\n\n\n<p>En nuestra ciudad el Secretario de Coordinaci\u00f3n Hern\u00e1n Contreras, es designado como Jefe Departamental para el Censo, con el rol de coordinar la log\u00edstica integral y dar apoyo al Jefe de Distrito designado por la Direcci\u00f3n General de Cultura y Educaci\u00f3n, as\u00ed como a los responsables de fracci\u00f3n, radio censal y a los censistas.<\/p>\n","protected":false},"excerpt":{"rendered":"<p>El Censo Nacional de Poblaci\u00f3n, Hogares y Viviendas es el operativo civil de mayor dimensi\u00f3n que lleva adelante un pa\u00eds y se realiza cada 10 a\u00f1os. En Argentina debi\u00f3 postergarse en 2020 con motivo de la pandemia, es por ello que se realizar\u00e1 en este 2022 y por primera vez en la historia de nuestro [&hellip;]<\/p>\n","protected":false},"author":4,"featured_media":104837,"comment_status":"closed","ping_status":"closed","sticky":false,"template":"","format":"standard","meta":{"om_disable_all_campaigns":false,"_jetpack_memberships_contains_paid_content":false,"footnotes":""},"categories":[50,101,2],"tags":[197,2760,696,33,19],"class_list":["post-104836","post","type-post","status-publish","format-standard","has-post-thumbnail","hentry","category-destacadas","category-interes-general-locales","category-locales","tag-buenos-aires","tag-censo-2022","tag-interes-general","tag-locales","tag-san-pedro"],"aioseo_notices":[],"gutentor_comment":0,"jetpack_featured_media_url":"https:\/\/eldiariodesanpedro.com.ar\/sitio\/wp-content\/uploads\/2022\/03\/7FDV6OAV4RDKXJ2QRDRDXGVHKI.jpg","jetpack_shortlink":"https:\/\/wp.me\/p6RhLt-rgU","jetpack_sharing_enabled":true,"_links":{"self":[{"href":"https:\/\/eldiariodesanpedro.com.ar\/sitio\/wp-json\/wp\/v2\/posts\/104836","targetHints":{"allow":["GET"]}}],"collection":[{"href":"https:\/\/eldiariodesanpedro.com.ar\/sitio\/wp-json\/wp\/v2\/posts"}],"about":[{"href":"https:\/\/eldiariodesanpedro.com.ar\/sitio\/wp-json\/wp\/v2\/types\/post"}],"author":[{"embeddable":true,"href":"https:\/\/eldiariodesanpedro.com.ar\/sitio\/wp-json\/wp\/v2\/users\/4"}],"replies":[{"embeddable":true,"href":"https:\/\/eldiariodesanpedro.com.ar\/sitio\/wp-json\/wp\/v2\/comments?post=104836"}],"version-history":[{"count":1,"href":"https:\/\/eldiariodesanpedro.com.ar\/sitio\/wp-json\/wp\/v2\/posts\/104836\/revisions"}],"predecessor-version":[{"id":104838,"href":"https:\/\/eldiariodesanpedro.com.ar\/sitio\/wp-json\/wp\/v2\/posts\/104836\/revisions\/104838"}],"wp:featuredmedia":[{"embeddable":true,"href":"https:\/\/eldiariodesanpedro.com.ar\/sitio\/wp-json\/wp\/v2\/media\/104837"}],"wp:attachment":[{"href":"https:\/\/eldiariodesanpedro.com.ar\/sitio\/wp-json\/wp\/v2\/media?parent=104836"}],"wp:term":[{"taxonomy":"category","embeddable":true,"href":"https:\/\/eldiariodesanpedro.com.ar\/sitio\/wp-json\/wp\/v2\/categories?post=104836"},{"taxonomy":"post_tag","embeddable":true,"href":"https:\/\/eldiariodesanpedro.com.ar\/sitio\/wp-json\/wp\/v2\/tags?post=104836"}],"curies":[{"name":"wp","href":"https:\/\/api.w.org\/{rel}","templated":true}]}}