{"id":104834,"date":"2022-03-09T11:49:26","date_gmt":"2022-03-09T14:49:26","guid":{"rendered":"https:\/\/eldiariodesanpedro.com.ar\/sitio\/?p=104834"},"modified":"2022-03-09T11:49:26","modified_gmt":"2022-03-09T14:49:26","slug":"pareja-que-camina-por-la-zona-del-boule-fueron-asaltados-por-dos-delincuentes","status":"publish","type":"post","link":"https:\/\/eldiariodesanpedro.com.ar\/sitio\/pareja-que-camina-por-la-zona-del-boule-fueron-asaltados-por-dos-delincuentes\/","title":{"rendered":"Pareja que camina por la zona del Boule fueron asaltados por dos delincuentes"},"content":{"rendered":"<!-- VideographyWP Plugin Message: Automatic video embedding prevented by plugin options. -->\n\n<p>En la jornada de ayer martes se realiz\u00f3 una denuncia en la comisar\u00eda local por parte de un ciudadano de 46 a\u00f1os de edad que caminaba junto a su esposa en inmediaciones de calle Thorne y costanera promediando las 23 hs cuando son sorprendidos por dos delincuentes que le sustraen sus relojes y fugan. V\u00edctimas ilesas.<\/p>\n","protected":false},"excerpt":{"rendered":"<p>En la jornada de ayer martes se realiz\u00f3 una denuncia en la comisar\u00eda local por parte de un ciudadano de 46 a\u00f1os de edad que caminaba junto a su esposa en inmediaciones de calle Thorne y costanera promediando las 23 hs cuando son sorprendidos por dos delincuentes que le sustraen sus relojes y fugan. V\u00edctimas [&hellip;]<\/p>\n","protected":false},"author":4,"featured_media":77860,"comment_status":"closed","ping_status":"closed","sticky":false,"template":"","format":"standard","meta":{"om_disable_all_campaigns":false,"_jetpack_memberships_contains_paid_content":false,"footnotes":""},"categories":[50,2,103],"tags":[197,33,95,19],"class_list":["post-104834","post","type-post","status-publish","format-standard","has-post-thumbnail","hentry","category-destacadas","category-locales","category-policiales-locales","tag-buenos-aires","tag-locales","tag-policiales","tag-san-pedro"],"aioseo_notices":[],"gutentor_comment":0,"jetpack_featured_media_url":"https:\/\/eldiariodesanpedro.com.ar\/sitio\/wp-content\/uploads\/2020\/07\/000085506.jpg","jetpack_shortlink":"https:\/\/wp.me\/p6RhLt-rgS","jetpack_sharing_enabled":true,"_links":{"self":[{"href":"https:\/\/eldiariodesanpedro.com.ar\/sitio\/wp-json\/wp\/v2\/posts\/104834","targetHints":{"allow":["GET"]}}],"collection":[{"href":"https:\/\/eldiariodesanpedro.com.ar\/sitio\/wp-json\/wp\/v2\/posts"}],"about":[{"href":"https:\/\/eldiariodesanpedro.com.ar\/sitio\/wp-json\/wp\/v2\/types\/post"}],"author":[{"embeddable":true,"href":"https:\/\/eldiariodesanpedro.com.ar\/sitio\/wp-json\/wp\/v2\/users\/4"}],"replies":[{"embeddable":true,"href":"https:\/\/eldiariodesanpedro.com.ar\/sitio\/wp-json\/wp\/v2\/comments?post=104834"}],"version-history":[{"count":1,"href":"https:\/\/eldiariodesanpedro.com.ar\/sitio\/wp-json\/wp\/v2\/posts\/104834\/revisions"}],"predecessor-version":[{"id":104835,"href":"https:\/\/eldiariodesanpedro.com.ar\/sitio\/wp-json\/wp\/v2\/posts\/104834\/revisions\/104835"}],"wp:featuredmedia":[{"embeddable":true,"href":"https:\/\/eldiariodesanpedro.com.ar\/sitio\/wp-json\/wp\/v2\/media\/77860"}],"wp:attachment":[{"href":"https:\/\/eldiariodesanpedro.com.ar\/sitio\/wp-json\/wp\/v2\/media?parent=104834"}],"wp:term":[{"taxonomy":"category","embeddable":true,"href":"https:\/\/eldiariodesanpedro.com.ar\/sitio\/wp-json\/wp\/v2\/categories?post=104834"},{"taxonomy":"post_tag","embeddable":true,"href":"https:\/\/eldiariodesanpedro.com.ar\/sitio\/wp-json\/wp\/v2\/tags?post=104834"}],"curies":[{"name":"wp","href":"https:\/\/api.w.org\/{rel}","templated":true}]}}