{"id":104832,"date":"2022-03-09T11:45:08","date_gmt":"2022-03-09T14:45:08","guid":{"rendered":"https:\/\/eldiariodesanpedro.com.ar\/sitio\/?p=104832"},"modified":"2022-03-09T11:45:08","modified_gmt":"2022-03-09T14:45:08","slug":"denuncio-que-su-cunado-y-su-yerno-lo-golpearon","status":"publish","type":"post","link":"https:\/\/eldiariodesanpedro.com.ar\/sitio\/denuncio-que-su-cunado-y-su-yerno-lo-golpearon\/","title":{"rendered":"Denunci\u00f3 que su cu\u00f1ado y su yerno lo golpearon"},"content":{"rendered":"<!-- VideographyWP Plugin Message: Automatic video embedding prevented by plugin options. -->\n\n<p>En la jornada de ayer denunci\u00f3 en la comisar\u00eda local un ciudadano de 40 a\u00f1os de edad, que en el d\u00eda de la fecha momentos que se encontraba afuera de su domicilio, ubicado en calle Soldado Almonacid al. 700, mantiene conflicto familiar discutiendo con su cu\u00f1ado y su yerno, quienes posteriormente le efect\u00faan golpes de pu\u00f1o provocando lesiones de car\u00e1cter leves. Interviene la fiscal\u00eda Nro. 11 local.-<\/p>\n","protected":false},"excerpt":{"rendered":"<p>En la jornada de ayer denunci\u00f3 en la comisar\u00eda local un ciudadano de 40 a\u00f1os de edad, que en el d\u00eda de la fecha momentos que se encontraba afuera de su domicilio, ubicado en calle Soldado Almonacid al. 700, mantiene conflicto familiar discutiendo con su cu\u00f1ado y su yerno, quienes posteriormente le efect\u00faan golpes de [&hellip;]<\/p>\n","protected":false},"author":4,"featured_media":57215,"comment_status":"closed","ping_status":"closed","sticky":false,"template":"","format":"standard","meta":{"om_disable_all_campaigns":false,"_jetpack_memberships_contains_paid_content":false,"footnotes":""},"categories":[2,103],"tags":[197,33,95,19],"class_list":["post-104832","post","type-post","status-publish","format-standard","has-post-thumbnail","hentry","category-locales","category-policiales-locales","tag-buenos-aires","tag-locales","tag-policiales","tag-san-pedro"],"aioseo_notices":[],"gutentor_comment":0,"jetpack_featured_media_url":"https:\/\/eldiariodesanpedro.com.ar\/sitio\/wp-content\/uploads\/2019\/07\/comisaria_1.jpg","jetpack_shortlink":"https:\/\/wp.me\/p6RhLt-rgQ","jetpack_sharing_enabled":true,"_links":{"self":[{"href":"https:\/\/eldiariodesanpedro.com.ar\/sitio\/wp-json\/wp\/v2\/posts\/104832","targetHints":{"allow":["GET"]}}],"collection":[{"href":"https:\/\/eldiariodesanpedro.com.ar\/sitio\/wp-json\/wp\/v2\/posts"}],"about":[{"href":"https:\/\/eldiariodesanpedro.com.ar\/sitio\/wp-json\/wp\/v2\/types\/post"}],"author":[{"embeddable":true,"href":"https:\/\/eldiariodesanpedro.com.ar\/sitio\/wp-json\/wp\/v2\/users\/4"}],"replies":[{"embeddable":true,"href":"https:\/\/eldiariodesanpedro.com.ar\/sitio\/wp-json\/wp\/v2\/comments?post=104832"}],"version-history":[{"count":1,"href":"https:\/\/eldiariodesanpedro.com.ar\/sitio\/wp-json\/wp\/v2\/posts\/104832\/revisions"}],"predecessor-version":[{"id":104833,"href":"https:\/\/eldiariodesanpedro.com.ar\/sitio\/wp-json\/wp\/v2\/posts\/104832\/revisions\/104833"}],"wp:featuredmedia":[{"embeddable":true,"href":"https:\/\/eldiariodesanpedro.com.ar\/sitio\/wp-json\/wp\/v2\/media\/57215"}],"wp:attachment":[{"href":"https:\/\/eldiariodesanpedro.com.ar\/sitio\/wp-json\/wp\/v2\/media?parent=104832"}],"wp:term":[{"taxonomy":"category","embeddable":true,"href":"https:\/\/eldiariodesanpedro.com.ar\/sitio\/wp-json\/wp\/v2\/categories?post=104832"},{"taxonomy":"post_tag","embeddable":true,"href":"https:\/\/eldiariodesanpedro.com.ar\/sitio\/wp-json\/wp\/v2\/tags?post=104832"}],"curies":[{"name":"wp","href":"https:\/\/api.w.org\/{rel}","templated":true}]}}