{"id":104830,"date":"2022-03-09T11:41:21","date_gmt":"2022-03-09T14:41:21","guid":{"rendered":"https:\/\/eldiariodesanpedro.com.ar\/sitio\/?p=104830"},"modified":"2022-03-09T11:41:21","modified_gmt":"2022-03-09T14:41:21","slug":"aprehenden-a-un-ciudadano-que-tenia-paradero-activo-desde-2004","status":"publish","type":"post","link":"https:\/\/eldiariodesanpedro.com.ar\/sitio\/aprehenden-a-un-ciudadano-que-tenia-paradero-activo-desde-2004\/","title":{"rendered":"Aprehenden a un ciudadano que ten\u00eda paradero activo desde 2004"},"content":{"rendered":"<!-- VideographyWP Plugin Message: Automatic video embedding prevented by plugin options. -->\n\n<p>Este martes en horas del mediod\u00eda alrededor de las 13 horas el personal policial de calle Chacabuco y 25 de Mayo, aprehende a ciudadano de 50 a\u00f1os de edad, quien era buscado desde el a\u00f1o 2004, por tener en su contra un pedido de paradero a solicitud de la justicia del partido de La Matanza. Se cumplieron recaudos legales<\/p>\n","protected":false},"excerpt":{"rendered":"<p>Este martes en horas del mediod\u00eda alrededor de las 13 horas el personal policial de calle Chacabuco y 25 de Mayo, aprehende a ciudadano de 50 a\u00f1os de edad, quien era buscado desde el a\u00f1o 2004, por tener en su contra un pedido de paradero a solicitud de la justicia del partido de La Matanza. [&hellip;]<\/p>\n","protected":false},"author":4,"featured_media":64912,"comment_status":"closed","ping_status":"closed","sticky":false,"template":"","format":"standard","meta":{"om_disable_all_campaigns":false,"_jetpack_memberships_contains_paid_content":false,"footnotes":""},"categories":[2,103],"tags":[197,33,95,19],"class_list":["post-104830","post","type-post","status-publish","format-standard","has-post-thumbnail","hentry","category-locales","category-policiales-locales","tag-buenos-aires","tag-locales","tag-policiales","tag-san-pedro"],"aioseo_notices":[],"gutentor_comment":0,"jetpack_featured_media_url":"https:\/\/eldiariodesanpedro.com.ar\/sitio\/wp-content\/uploads\/2019\/12\/detenido-1.jpg","jetpack_shortlink":"https:\/\/wp.me\/p6RhLt-rgO","jetpack_sharing_enabled":true,"_links":{"self":[{"href":"https:\/\/eldiariodesanpedro.com.ar\/sitio\/wp-json\/wp\/v2\/posts\/104830","targetHints":{"allow":["GET"]}}],"collection":[{"href":"https:\/\/eldiariodesanpedro.com.ar\/sitio\/wp-json\/wp\/v2\/posts"}],"about":[{"href":"https:\/\/eldiariodesanpedro.com.ar\/sitio\/wp-json\/wp\/v2\/types\/post"}],"author":[{"embeddable":true,"href":"https:\/\/eldiariodesanpedro.com.ar\/sitio\/wp-json\/wp\/v2\/users\/4"}],"replies":[{"embeddable":true,"href":"https:\/\/eldiariodesanpedro.com.ar\/sitio\/wp-json\/wp\/v2\/comments?post=104830"}],"version-history":[{"count":1,"href":"https:\/\/eldiariodesanpedro.com.ar\/sitio\/wp-json\/wp\/v2\/posts\/104830\/revisions"}],"predecessor-version":[{"id":104831,"href":"https:\/\/eldiariodesanpedro.com.ar\/sitio\/wp-json\/wp\/v2\/posts\/104830\/revisions\/104831"}],"wp:featuredmedia":[{"embeddable":true,"href":"https:\/\/eldiariodesanpedro.com.ar\/sitio\/wp-json\/wp\/v2\/media\/64912"}],"wp:attachment":[{"href":"https:\/\/eldiariodesanpedro.com.ar\/sitio\/wp-json\/wp\/v2\/media?parent=104830"}],"wp:term":[{"taxonomy":"category","embeddable":true,"href":"https:\/\/eldiariodesanpedro.com.ar\/sitio\/wp-json\/wp\/v2\/categories?post=104830"},{"taxonomy":"post_tag","embeddable":true,"href":"https:\/\/eldiariodesanpedro.com.ar\/sitio\/wp-json\/wp\/v2\/tags?post=104830"}],"curies":[{"name":"wp","href":"https:\/\/api.w.org\/{rel}","templated":true}]}}