{"id":104828,"date":"2022-03-09T11:37:29","date_gmt":"2022-03-09T14:37:29","guid":{"rendered":"https:\/\/eldiariodesanpedro.com.ar\/sitio\/?p=104828"},"modified":"2022-03-09T11:37:30","modified_gmt":"2022-03-09T14:37:30","slug":"se-recupero-una-moto-robada-momentos-antes-en-la-via-publica","status":"publish","type":"post","link":"https:\/\/eldiariodesanpedro.com.ar\/sitio\/se-recupero-una-moto-robada-momentos-antes-en-la-via-publica\/","title":{"rendered":"Se recuper\u00f3 una moto robada momentos antes en la v\u00eda p\u00fablica"},"content":{"rendered":"<!-- VideographyWP Plugin Message: Automatic video embedding prevented by plugin options. -->\n\n<p>Este martes, promediando las 21:30 horas, el personal policial de la comisaria de San Pedro\u00a0 tras r\u00e1pido accionar en calle Hermano Indio y pasillo Balcarce Bis, procede a la aprehensi\u00f3n de un delincuente de 19 a\u00f1os de edad y al secuestro de una motocicleta 110 cc en la que se movilizaba, la cual sustrajo instantes previos vereda calle Rivadavia 3000, tras da\u00f1ar pl\u00e1sticos delanteros y traba volante.\u00a0<\/p>\n","protected":false},"excerpt":{"rendered":"<p>Este martes, promediando las 21:30 horas, el personal policial de la comisaria de San Pedro\u00a0 tras r\u00e1pido accionar en calle Hermano Indio y pasillo Balcarce Bis, procede a la aprehensi\u00f3n de un delincuente de 19 a\u00f1os de edad y al secuestro de una motocicleta 110 cc en la que se movilizaba, la cual sustrajo instantes [&hellip;]<\/p>\n","protected":false},"author":4,"featured_media":78843,"comment_status":"closed","ping_status":"closed","sticky":false,"template":"","format":"standard","meta":{"om_disable_all_campaigns":false,"_jetpack_memberships_contains_paid_content":false,"footnotes":""},"categories":[2,103],"tags":[197,33,95,19],"class_list":["post-104828","post","type-post","status-publish","format-standard","has-post-thumbnail","hentry","category-locales","category-policiales-locales","tag-buenos-aires","tag-locales","tag-policiales","tag-san-pedro"],"aioseo_notices":[],"gutentor_comment":0,"jetpack_featured_media_url":"https:\/\/eldiariodesanpedro.com.ar\/sitio\/wp-content\/uploads\/2020\/08\/0.jpg","jetpack_shortlink":"https:\/\/wp.me\/p6RhLt-rgM","jetpack_sharing_enabled":true,"_links":{"self":[{"href":"https:\/\/eldiariodesanpedro.com.ar\/sitio\/wp-json\/wp\/v2\/posts\/104828","targetHints":{"allow":["GET"]}}],"collection":[{"href":"https:\/\/eldiariodesanpedro.com.ar\/sitio\/wp-json\/wp\/v2\/posts"}],"about":[{"href":"https:\/\/eldiariodesanpedro.com.ar\/sitio\/wp-json\/wp\/v2\/types\/post"}],"author":[{"embeddable":true,"href":"https:\/\/eldiariodesanpedro.com.ar\/sitio\/wp-json\/wp\/v2\/users\/4"}],"replies":[{"embeddable":true,"href":"https:\/\/eldiariodesanpedro.com.ar\/sitio\/wp-json\/wp\/v2\/comments?post=104828"}],"version-history":[{"count":1,"href":"https:\/\/eldiariodesanpedro.com.ar\/sitio\/wp-json\/wp\/v2\/posts\/104828\/revisions"}],"predecessor-version":[{"id":104829,"href":"https:\/\/eldiariodesanpedro.com.ar\/sitio\/wp-json\/wp\/v2\/posts\/104828\/revisions\/104829"}],"wp:featuredmedia":[{"embeddable":true,"href":"https:\/\/eldiariodesanpedro.com.ar\/sitio\/wp-json\/wp\/v2\/media\/78843"}],"wp:attachment":[{"href":"https:\/\/eldiariodesanpedro.com.ar\/sitio\/wp-json\/wp\/v2\/media?parent=104828"}],"wp:term":[{"taxonomy":"category","embeddable":true,"href":"https:\/\/eldiariodesanpedro.com.ar\/sitio\/wp-json\/wp\/v2\/categories?post=104828"},{"taxonomy":"post_tag","embeddable":true,"href":"https:\/\/eldiariodesanpedro.com.ar\/sitio\/wp-json\/wp\/v2\/tags?post=104828"}],"curies":[{"name":"wp","href":"https:\/\/api.w.org\/{rel}","templated":true}]}}