{"id":10482,"date":"2016-11-21T18:40:27","date_gmt":"2016-11-21T21:40:27","guid":{"rendered":"https:\/\/eldiariodesanpedro.com.ar\/sitio\/?p=10482"},"modified":"2016-11-21T18:40:27","modified_gmt":"2016-11-21T21:40:27","slug":"julio-barbaro-disertara-en-la-sociedad-rural-de-san-pedro","status":"publish","type":"post","link":"https:\/\/eldiariodesanpedro.com.ar\/sitio\/julio-barbaro-disertara-en-la-sociedad-rural-de-san-pedro\/","title":{"rendered":"Julio B\u00e1rbaro disertar\u00e1 en la Sociedad Rural de San Pedro"},"content":{"rendered":"<p><!-- VideographyWP Plugin Message: Automatic video embedding prevented by plugin options. --><br \/>\nEl pr\u00f3ximo jueves 16 de diciembre a las 20.00 en el Complejo Clov\u00e9 (ruta 191, km 6.5), la Sociedad Rural de San Pedro organizar\u00e1 su despedida de a\u00f1o con una reuni\u00f3n para productores de la zona que contar\u00e1 con la disertaci\u00f3n del dirigente, escritor, periodista y licenciado en ciencias pol\u00edticas Julio B\u00e1rbaro. <\/p>\n<p>Adem\u00e1s en el encuentro se realizar\u00e1 el lanzamiento oficial de los cursos con orientaci\u00f3n agropecuaria que dicta una extensi\u00f3n de la Sociedad Rural Argentina y que estar\u00e1n disponibles desde el 2017 en nuestra zona. Para este evento han sido invitadas autoridades locales, provinciales y nacionales con el prop\u00f3sito de compartir un balance del a\u00f1o que termina y trazar un panorama de lo que podr\u00e1 ocurrir en el futuro.<\/p>\n","protected":false},"excerpt":{"rendered":"<p>El pr\u00f3ximo jueves 16 de diciembre a las 20.00 en el Complejo Clov\u00e9 (ruta 191, km 6.5), la Sociedad Rural de San Pedro organizar\u00e1 su despedida de a\u00f1o con una reuni\u00f3n para productores de la zona que contar\u00e1 con la disertaci\u00f3n del dirigente, escritor, periodista y licenciado en ciencias pol\u00edticas Julio B\u00e1rbaro. Adem\u00e1s en el [&hellip;]<\/p>\n","protected":false},"author":4,"featured_media":10483,"comment_status":"open","ping_status":"closed","sticky":false,"template":"","format":"standard","meta":{"om_disable_all_campaigns":false,"_jetpack_memberships_contains_paid_content":false,"footnotes":""},"categories":[101,2],"tags":[],"class_list":["post-10482","post","type-post","status-publish","format-standard","has-post-thumbnail","hentry","category-interes-general-locales","category-locales"],"aioseo_notices":[],"gutentor_comment":0,"jetpack_featured_media_url":"https:\/\/eldiariodesanpedro.com.ar\/sitio\/wp-content\/uploads\/2016\/11\/julio-barbaro.jpg","jetpack_shortlink":"https:\/\/wp.me\/p6RhLt-2J4","jetpack_sharing_enabled":true,"_links":{"self":[{"href":"https:\/\/eldiariodesanpedro.com.ar\/sitio\/wp-json\/wp\/v2\/posts\/10482","targetHints":{"allow":["GET"]}}],"collection":[{"href":"https:\/\/eldiariodesanpedro.com.ar\/sitio\/wp-json\/wp\/v2\/posts"}],"about":[{"href":"https:\/\/eldiariodesanpedro.com.ar\/sitio\/wp-json\/wp\/v2\/types\/post"}],"author":[{"embeddable":true,"href":"https:\/\/eldiariodesanpedro.com.ar\/sitio\/wp-json\/wp\/v2\/users\/4"}],"replies":[{"embeddable":true,"href":"https:\/\/eldiariodesanpedro.com.ar\/sitio\/wp-json\/wp\/v2\/comments?post=10482"}],"version-history":[{"count":1,"href":"https:\/\/eldiariodesanpedro.com.ar\/sitio\/wp-json\/wp\/v2\/posts\/10482\/revisions"}],"predecessor-version":[{"id":10484,"href":"https:\/\/eldiariodesanpedro.com.ar\/sitio\/wp-json\/wp\/v2\/posts\/10482\/revisions\/10484"}],"wp:featuredmedia":[{"embeddable":true,"href":"https:\/\/eldiariodesanpedro.com.ar\/sitio\/wp-json\/wp\/v2\/media\/10483"}],"wp:attachment":[{"href":"https:\/\/eldiariodesanpedro.com.ar\/sitio\/wp-json\/wp\/v2\/media?parent=10482"}],"wp:term":[{"taxonomy":"category","embeddable":true,"href":"https:\/\/eldiariodesanpedro.com.ar\/sitio\/wp-json\/wp\/v2\/categories?post=10482"},{"taxonomy":"post_tag","embeddable":true,"href":"https:\/\/eldiariodesanpedro.com.ar\/sitio\/wp-json\/wp\/v2\/tags?post=10482"}],"curies":[{"name":"wp","href":"https:\/\/api.w.org\/{rel}","templated":true}]}}