{"id":104641,"date":"2022-03-02T22:57:47","date_gmt":"2022-03-03T01:57:47","guid":{"rendered":"https:\/\/eldiariodesanpedro.com.ar\/sitio\/?p=104641"},"modified":"2022-03-02T22:57:48","modified_gmt":"2022-03-03T01:57:48","slug":"reempadronamiento-de-asociados-nuevo-registro-de-socios%ef%bf%bc","status":"publish","type":"post","link":"https:\/\/eldiariodesanpedro.com.ar\/sitio\/reempadronamiento-de-asociados-nuevo-registro-de-socios%ef%bf%bc\/","title":{"rendered":"Reempadronamiento de Asociados &#8211; Nuevo Registro de Socios\ufffc"},"content":{"rendered":"<!-- VideographyWP Plugin Message: Automatic video embedding prevented by plugin options. -->\n\n<p><strong>CENTRO TRADICIONALISTA EL RINC\u00d3N DE LOS GAUCHOS<\/strong><\/p>\n\n\n\n<p>Personer\u00eda Jur\u00eddica Matr\u00edcula n\u00b0 10582<\/p>\n\n\n\n<p><strong>REEMPADRONAMIENTO DE ASOCIADOS-NUEVO REGISTRO DE SOCIOS<\/strong><\/p>\n\n\n\n<p><strong><u>C O N V O C A T O R I A<\/u><\/strong><\/p>\n\n\n\n<p>La Comisi\u00f3n Normalizadora del Centro Tradicionalista El Rinc\u00f3n De Los Gauchos, Legajo 57318, se re\u00fane en su sede social de calle Maestro Reina (Ex calle 38) y Las Heras n\u00ba 790, en el marco del expediente de normalizaci\u00f3n Nro. (21209-89171), fiscalizado por la Direcci\u00f3n Provincial de Personas Jur\u00eddicas, a efectos de convocar a todas las personas&nbsp; socias de la instituci\u00f3n a reempadronarse a partir del d\u00eda 14 de marzo, los d\u00edas lunes, martes y mi\u00e9rcoles en el horario de (14hs. a 18hs) y los d\u00edas s\u00e1bado y domingo en el horario de (10hs. a&nbsp; 12hs.) en&nbsp; la sede social de la entidad ubicada en calle Maestro Reina (Ex calle 38) y Las Heras n\u00ba 790, todo ello con motivo&nbsp; de conformar&nbsp; nuevo registro de socios y posterior&nbsp; padr\u00f3n&nbsp; que sirva de sustento a&nbsp; la&nbsp;&nbsp; asamblea de asociados que pr\u00f3ximamente ser\u00e1&nbsp; convocada para tratar la regularizaci\u00f3n de la instituci\u00f3n y designar nuevas autoridades. Dicha convocatoria ser\u00e1 por el plazo de 15 d\u00edas.<\/p>\n\n\n\n<p> San Pedro, 28 de febrero de 2022.-<\/p>\n\n\n\n<p><em>Omar Antonio De Lucca; &nbsp;&nbsp;&nbsp;&nbsp;&nbsp;&nbsp;Fabi\u00e1n Eduardo Federico; &nbsp;&nbsp;&nbsp;&nbsp;&nbsp;&nbsp;&nbsp;Jos\u00e9 Ram\u00f3n L\u00f3pez<\/em><\/p>\n\n\n\n<p>SOCIOS NORMALIZADORES<strong><\/strong><\/p>\n","protected":false},"excerpt":{"rendered":"<p>CENTRO TRADICIONALISTA EL RINC\u00d3N DE LOS GAUCHOS Personer\u00eda Jur\u00eddica Matr\u00edcula n\u00b0 10582 REEMPADRONAMIENTO DE ASOCIADOS-NUEVO REGISTRO DE SOCIOS C O N V O C A T O R I A La Comisi\u00f3n Normalizadora del Centro Tradicionalista El Rinc\u00f3n De Los Gauchos, Legajo 57318, se re\u00fane en su sede social de calle Maestro Reina (Ex calle [&hellip;]<\/p>\n","protected":false},"author":4,"featured_media":104642,"comment_status":"closed","ping_status":"closed","sticky":false,"template":"","format":"standard","meta":{"om_disable_all_campaigns":false,"_jetpack_memberships_contains_paid_content":false,"footnotes":""},"categories":[678,676],"tags":[197,1121,19],"class_list":["post-104641","post","type-post","status-publish","format-standard","has-post-thumbnail","hentry","category-convocatorias","category-edictos","tag-buenos-aires","tag-edicto","tag-san-pedro"],"aioseo_notices":[],"gutentor_comment":0,"jetpack_featured_media_url":"https:\/\/eldiariodesanpedro.com.ar\/sitio\/wp-content\/uploads\/2022\/03\/Convocatoria-Centro-tradicionalista-el-Roncon-de-los-gauchos.jpg","jetpack_shortlink":"https:\/\/wp.me\/p6RhLt-rdL","jetpack_sharing_enabled":true,"_links":{"self":[{"href":"https:\/\/eldiariodesanpedro.com.ar\/sitio\/wp-json\/wp\/v2\/posts\/104641","targetHints":{"allow":["GET"]}}],"collection":[{"href":"https:\/\/eldiariodesanpedro.com.ar\/sitio\/wp-json\/wp\/v2\/posts"}],"about":[{"href":"https:\/\/eldiariodesanpedro.com.ar\/sitio\/wp-json\/wp\/v2\/types\/post"}],"author":[{"embeddable":true,"href":"https:\/\/eldiariodesanpedro.com.ar\/sitio\/wp-json\/wp\/v2\/users\/4"}],"replies":[{"embeddable":true,"href":"https:\/\/eldiariodesanpedro.com.ar\/sitio\/wp-json\/wp\/v2\/comments?post=104641"}],"version-history":[{"count":1,"href":"https:\/\/eldiariodesanpedro.com.ar\/sitio\/wp-json\/wp\/v2\/posts\/104641\/revisions"}],"predecessor-version":[{"id":104643,"href":"https:\/\/eldiariodesanpedro.com.ar\/sitio\/wp-json\/wp\/v2\/posts\/104641\/revisions\/104643"}],"wp:featuredmedia":[{"embeddable":true,"href":"https:\/\/eldiariodesanpedro.com.ar\/sitio\/wp-json\/wp\/v2\/media\/104642"}],"wp:attachment":[{"href":"https:\/\/eldiariodesanpedro.com.ar\/sitio\/wp-json\/wp\/v2\/media?parent=104641"}],"wp:term":[{"taxonomy":"category","embeddable":true,"href":"https:\/\/eldiariodesanpedro.com.ar\/sitio\/wp-json\/wp\/v2\/categories?post=104641"},{"taxonomy":"post_tag","embeddable":true,"href":"https:\/\/eldiariodesanpedro.com.ar\/sitio\/wp-json\/wp\/v2\/tags?post=104641"}],"curies":[{"name":"wp","href":"https:\/\/api.w.org\/{rel}","templated":true}]}}